{"id":34580,"date":"2025-05-27T17:41:00","date_gmt":"2025-05-27T17:41:00","guid":{"rendered":"https:\/\/idi.no\/news-and-events\/news\/un-nuevo-informe-del-siram-destaca-las-crecientes-presiones-sobre-la-independencia-de-la-contraloria-general-de-costa-rica\/"},"modified":"2026-01-21T10:45:15","modified_gmt":"2026-01-21T10:45:15","slug":"un-nuevo-informe-del-siram-destaca-las-crecientes-presiones-sobre-la-independencia-de-la-contraloria-general-de-costa-rica","status":"publish","type":"news","link":"https:\/\/idi.no\/es\/news-and-events\/news\/un-nuevo-informe-del-siram-destaca-las-crecientes-presiones-sobre-la-independencia-de-la-contraloria-general-de-costa-rica\/","title":{"rendered":"Un nuevo informe del SIRAM destaca las crecientes presiones sobre la independencia de la Contralor\u00eda General de Costa Rica"},"content":{"rendered":"\n<div  class=\"article-header-block   block-style-image-type--default\">\n\t<div class=\"article-header-block__container container\">\n\t\t\t\t<div class=\"article-header-block__breadcrumbs\">\n\t\t\t<span><span><a href=\"https:\/\/idi.no\/es\/\">Home<\/a><\/span><\/span>\t\t\t<\/div>\n\t\t\t\t<div class=\"article-header-block__meta \">\n\t\t<div class=\"article-header-block__hero-content\">\n\n\t\t\t\t\t<div class=\"article-header-block__categories \">\n\t\t\t<span class=\"article-header-block__category\">News<\/span>\t\t\t<\/div>\n\t\t\t\t\t\t\t\t<h2 class=\"article-header-block__title \">\n\t\t\tUn nuevo informe del SIRAM destaca las crecientes presiones sobre la independencia de la Contralor\u00eda General de Costa Rica<\/h2>\n\t\t\n\t\t\t\t\t<div class=\"article-header-block__date \">\n\t\t\t27\/05\/2025<\/div>\n\t\t\t\t<\/div>\n\t\t<div class=\"article-header-block__preview \">\n\t\t<img loading=\"lazy\" decoding=\"async\" width=\"1200\" height=\"720\" src=\"https:\/\/idi.no\/wp-content\/uploads\/2025\/10\/SIRAM-Report-1.jpg\" class=\"attachment-full size-full\" alt=\"Gr\u00e1fico de medios sociales Informe SIRAM Costa Rica publicado\" srcset=\"https:\/\/idi.no\/wp-content\/uploads\/2025\/10\/SIRAM-Report-1.jpg 1200w, https:\/\/idi.no\/wp-content\/uploads\/2025\/10\/SIRAM-Report-1-300x180.jpg 300w, https:\/\/idi.no\/wp-content\/uploads\/2025\/10\/SIRAM-Report-1-1024x614.jpg 1024w, https:\/\/idi.no\/wp-content\/uploads\/2025\/10\/SIRAM-Report-1-768x461.jpg 768w\" sizes=\"auto, (max-width: 1200px) 100vw, 1200px\" \/>\t\t<\/div>\n\t<\/div>\n\t<\/div>\n<\/div>\n\n<div class=\"wp-block-columns alignfull is-layout-flex wp-container-core-columns-is-layout-28f84493 wp-block-columns-is-layout-flex\">\n<div class=\"wp-block-column is-layout-flow wp-block-column-is-layout-flow\">\n<div class=\"social-share-block\">\n  <span class=\"social-share-block__title\">Share<\/span>\n  <div class=\"social-share-block__icons\">\n    <div class=\"simplesocialbuttons simplesocial-round-icon simplesocialbuttons_inline simplesocialbuttons-align-left simplesocialbuttons-inline-no-animation\">\n<button class=\"simplesocial-fb-share\"  rel=\"nofollow\"  target=\"_blank\"  aria-label=\"Facebook Share\" data-href=\"https:\/\/www.facebook.com\/sharer\/sharer.php?u=https:\/\/idi.no\/es\/news-and-events\/news\/un-nuevo-informe-del-siram-destaca-las-crecientes-presiones-sobre-la-independencia-de-la-contraloria-general-de-costa-rica\/\" onClick=\"javascript:window.open(this.dataset.href, '', 'menubar=no,toolbar=no,resizable=yes,scrollbars=yes,height=600,width=600');return false;\"><span class=\"simplesocialtxt\">Facebook <\/span> <\/button>\n<button class=\"simplesocial-twt-share\"  rel=\"nofollow\"  target=\"_blank\"  aria-label=\"Twitter Share\" data-href=\"https:\/\/twitter.com\/intent\/tweet?text=Un+nuevo+informe+del+SIRAM+destaca+las+crecientes+presiones+sobre+la+independencia+de+la+Contralor%C3%ADa+General+de+Costa+Rica&#038;url=https:\/\/idi.no\/es\/news-and-events\/news\/un-nuevo-informe-del-siram-destaca-las-crecientes-presiones-sobre-la-independencia-de-la-contraloria-general-de-costa-rica\/\" onClick=\"javascript:window.open(this.dataset.href, '', 'menubar=no,toolbar=no,resizable=yes,scrollbars=yes,height=600,width=600');return false;\"><span class=\"simplesocialtxt\">Twitter<\/span> <\/button>\n<button  rel=\"nofollow\"  target=\"_blank\"  class=\"simplesocial-linkedin-share\" aria-label=\"LinkedIn Share\" data-href=\"https:\/\/www.linkedin.com\/sharing\/share-offsite\/?url=https:\/\/idi.no\/es\/news-and-events\/news\/un-nuevo-informe-del-siram-destaca-las-crecientes-presiones-sobre-la-independencia-de-la-contraloria-general-de-costa-rica\/\" onClick=\"javascript:window.open(this.dataset.href, '', 'menubar=no,toolbar=no,resizable=yes,scrollbars=yes,height=600,width=600');return false;\"><span class=\"simplesocialtxt\">LinkedIn<\/span><\/button>\n<button onClick=\"javascript:window.location.href = this.dataset.href;return false;\" class=\"simplesocial-email-share\" aria-label=\"Share through Email\"  rel=\"nofollow\"  target=\"_blank\"   data-href=\"mailto:?subject=Un nuevo informe del SIRAM destaca las crecientes presiones sobre la independencia de la Contralor%C3%ADa General de Costa Rica&#038;body=https:\/\/idi.no\/es\/news-and-events\/news\/un-nuevo-informe-del-siram-destaca-las-crecientes-presiones-sobre-la-independencia-de-la-contraloria-general-de-costa-rica\/\"><span class=\"simplesocialtxt\">Email<\/span><\/button>\n<button class=\"simplesocial-copy-link copy-share\"  rel=\"nofollow\"  target=\"_blank\"  aria-label=\"Copy Link\" data-href=\" https:\/\/idi.no\/es\/news-and-events\/news\/un-nuevo-informe-del-siram-destaca-las-crecientes-presiones-sobre-la-independencia-de-la-contraloria-general-de-costa-rica\/\"  onClick=\"ssb_copy_share_link(this); return false;\"><span class=\"simplesocialtxt\">Copy<\/span><span class=\"ssb_tooltip\">Copied<\/span> <\/button>\n<\/div>\n  <\/div>\n<\/div><\/div>\n\n\n\n<div class=\"wp-block-column is-layout-flow wp-block-column-is-layout-flow\">\r\n<div  class=\"text-only-block text-only-block__white-background text-only-block__text-only\"> <!-- Removed undefined $style (before: echoed $style) -->\r\n    <div class=\"text-only-block__container container\">\r\n                    <div class=\"text-only-block__content\">\r\n                                                                    <div class=\"text-only-block__description\"><p><strong><em>Resumen disponible de este art\u00edculo en espa\u00f1ol al final de la p\u00e1gina.<\/em><\/strong><\/p>\n<p>Las Entidades Fiscalizadoras Superiores (EFS) son pilares esenciales de la gobernanza democr\u00e1tica. Sirven al p\u00fablico supervisando la forma en que los gobiernos utilizan los recursos, salvaguardando la transparencia y garantizando la rendici\u00f3n de cuentas. Sin embargo, cuando las EFS se enfrentan a interferencias pol\u00edticas o legales, su capacidad para actuar en inter\u00e9s p\u00fablico puede verse gravemente socavada.  <\/p>\n<p>En un reci\u00e9n publicado <em>\u00abInforme de Evaluaci\u00f3n sobre las Denuncias de Vulneraci\u00f3n de la Independencia de la Contralor\u00eda General de Costa Rica\u00bb, <\/em>la Iniciativa para el Desarrollo de la INTOSAI (IDI) expone las crecientes preocupaciones sobre la independencia de la EFS de Costa Rica, la Contralor\u00eda General de la Rep\u00fablica (CGR). Este informe sigue el enfoque estandarizado del Mecanismo de Incidencia R\u00e1pida para la Independencia de las EFS (SIRAM) de la IDI, una herramienta dise\u00f1ada para responder de forma proactiva a las amenazas contra la independencia de las EFS, utilizando puntos de referencia internacionales como la Declaraci\u00f3n de M\u00e9xico sobre la Independencia de las EFS de la INTOSAI. <\/p>\n<h3 role=\"heading\" data-uw-rm-heading=\"level\"><strong>Conclusiones basadas en pruebas<\/strong><\/h3>\n<p>El informe presenta una evaluaci\u00f3n en profundidad, basada en pruebas, de las amenazas tanto jur\u00eddicas como pr\u00e1cticas a la capacidad de la CGR para cumplir su mandato. Documenta dos \u00e1reas clave de preocupaci\u00f3n: <\/p>\n<ol>\n<li> <strong> Interferencia del Poder Ejecutivo<\/strong><br \/>\nEl informe constata que las declaraciones p\u00fablicas y las acciones de la Presidencia de la Rep\u00fablica de Costa Rica han socavado la autoridad de la CGR. Entre ellas se incluyen cr\u00edticas directas a ra\u00edz de las conclusiones de la CGR sobre proyectos nacionales de gran repercusi\u00f3n, como la iniciativa de Ciudad Gobierno y un sistema de inspecci\u00f3n aduanera no intrusiva. El Ejecutivo acus\u00f3 a la CGR de interpretaciones arbitrarias y de obstruir los proyectos de desarrollo, lo que hizo saltar las alarmas sobre las presiones pol\u00edticas.  <\/li>\n<li><strong>Intentos Legislativos de Limitar las Facultades de Supervisi\u00f3n<\/strong><br \/>\nEl informe destaca adem\u00e1s las recientes propuestas legislativas -en particular las de la \u00abLey Jaguar para el Desarrollo de Costa Rica\u00bb- que pretenden restringir las facultades de la CGR.<\/li>\n<\/ol>\n<p>Aunque algunas de estas propuestas han sido retiradas o declaradas inconstitucionales, las iniciativas legislativas en curso siguen suponiendo un riesgo. La IDI recopil\u00f3 pruebas que demuestran que estas reformas parecen incoherentes y amenazan con debilitar el fundamento jur\u00eddico y el alcance operativo de la CGR. <\/p>\n<h3><strong>Identificadas las amenazas al Principio 3 de la Declaraci\u00f3n de M\u00e9xico<\/strong><\/h3>\n<p>Ambas formas de interferencia -ejecutiva y legislativa- constituyen violaciones y las correspondientes amenazas al Principio 3 de la Declaraci\u00f3n de M\u00e9xico, que establece que las EFS deben estar libres de influencias externas en el desempe\u00f1o de su mandato de fiscalizaci\u00f3n.<\/p>\n<p>Si no se abordan, estos acontecimientos pueden debilitar el sistema de supervisi\u00f3n de las finanzas p\u00fablicas de Costa Rica, disminuyendo los controles y equilibrios institucionales en una \u00e9poca de creciente preocupaci\u00f3n mundial por el retroceso democr\u00e1tico.<\/p>\n<h3><strong>Recomendaciones y camino a seguir  <\/strong><\/h3>\n<p>El informe recomienda que:<br \/>\n&#8211; El Poder Ejecutivo cese la injerencia p\u00fablica y operativa en la labor fiscalizadora de la CGR<br \/>\n&#8211; Cualquier reforma legislativa que afecte a la CGR debe desarrollarse mediante procesos abiertos, inclusivos y participativos que impliquen a la EFS y a otras partes interesadas clave<br \/>\n&#8211; Las reformas deben alinearse con las buenas pr\u00e1cticas y normas internacionales, especialmente las articuladas por la comunidad INTOSAI<\/p>\n<p>Estos pasos son vitales para salvaguardar la independencia de la CGR, reforzando as\u00ed la confianza en las instituciones de rendici\u00f3n de cuentas y en los procesos democr\u00e1ticos de Costa Rica.<\/p>\n<h3><strong>Por qu\u00e9 la independencia de las EFS es importante para una supervisi\u00f3n eficaz<\/strong><\/h3>\n<p>Este informe forma parte del exclusivo enfoque SIRAM de la IDI, que incluye herramientas de defensa y evaluaci\u00f3n para un mayor alcance. Este esfuerzo pretende garantizar que las EFS sigan siendo guardianes independientes de las finanzas p\u00fablicas, especialmente en contextos en los que las instituciones est\u00e1n siendo atacadas. A medida que las instituciones de supervisi\u00f3n de todo el mundo se enfrentan a una presi\u00f3n cada vez mayor, SIRAM proporciona una forma vital de dar la voz de alarma, evaluar las amenazas y recomendar soluciones procesables.  <\/p>\n<p>Con la publicaci\u00f3n de este informe, la IDI invita a la comunidad internacional a tomarse en serio estas preocupaciones y a seguir respaldando a las instituciones de supervisi\u00f3n que defienden la transparencia y la responsabilidad.<\/p>\n<p><a href=\"https:\/\/idi.no\/wp-content\/uploads\/2025\/11\/SIRAM-REPORT-COSTA-RICA-ENGLISH-VERSION.pdf\" data-uw-rm-brl=\"PR\" data-uw-original-href=\"\/elibrary\/independent-sais\/2171-siram-report-costa-rica-english-version\/file\">Haz clic aqu\u00ed para leer el Informe completo del SIRAM sobre Costa Rica<\/a> en ingl\u00e9s<br \/>\n<a href=\"https:\/\/idi.no\/wp-content\/uploads\/2026\/01\/INFORME-SIRAM-COSTA-ESPANOL.pdf\" data-uw-rm-brl=\"PR\" data-uw-original-href=\"\/elibrary\/independent-sais\/2172-informe-siram-costa-rica-espanol\/file\">Click here to read the full SIRAM Report on Costa Rica<\/a> in English<\/p>\n<p><a href=\"https:\/\/www.idi.no\/work-streams\/independent-sais\/siram\" data-uw-rm-brl=\"PR\" data-uw-original-href=\"https:\/\/www.idi.no\/work-streams\/independent-sais\/siram\">M\u00e1s informaci\u00f3n sobre el Mecanismo SIRAM de la IDI y la independencia de las EFS<\/a><\/p>\n<h3><strong>Resumen en espa\u00f1ol:  <\/strong><\/h3>\n<p>Nuevo informe SIRAM revela presiones crecientes sobre la independencia de la Contralor\u00eda General de Costa Rica.<\/p>\n<p>El informe reci\u00e9n publicado por la IDI eval\u00faa las amenazas a la independencia de la Contralor\u00eda General de la Rep\u00fablica (CGR) en Costa Rica. Utilizando el Mecanismo de Defensa R\u00e1pida de la Independencia de las EFS (SIRAM, por sus siglas en ingl\u00e9s), el informe identifica dos preocupaciones principales: la interferencia del Poder Ejecutivo mediante acusaciones p\u00fablicas a la CGR y obst\u00e1culos operativos a las labores de control, y propuestas legislativas que podr\u00edan debilitar el marco jur\u00eddico de la CGR. <\/p>\n<p>Ambas situaciones constituyen infracciones y amenazas, respectivamente, al Principio 3 de la Declaraci\u00f3n de M\u00e9xico de INTOSAI, que garantiza que las Entidades Fiscalizadoras Superiores (EFS) act\u00faen sin influencias externas. El informe recomienda que el Poder Ejecutivo cese la injerencia en la EFS de Costa Rica y que cualquier reforma de su marco legal se lleve a cabo mediante un proceso inclusivo que respete los principios internacionales de independencia. <\/p>\n<p>Este informe es un llamamiento a fortalecer las instituciones de control en un contexto de creciente presi\u00f3n sobre la democracia y la rendici\u00f3n de cuentas en todo el mundo.<\/p>\n<\/div>\r\n                                \r\n                <!-- New: Wrap all buttons in __button-list for consistency with working block -->\r\n                <div class=\"text-only-block__button-list\">\r\n                    \r\n                                    <\/div>\r\n            <\/div>\r\n        \r\n        \r\n        \r\n            <\/div>\r\n<\/div><\/div>\n\n\n\n<div class=\"wp-block-column is-layout-flow wp-block-column-is-layout-flow\">\n<div  class=\"pdf-attachment-block \">\n    <div class=\"pdf-attachment-block__preview aspect-ratio-tall \">\n                    <img loading=\"lazy\" decoding=\"async\" width=\"210\" height=\"300\" src=\"https:\/\/idi.no\/wp-content\/uploads\/2025\/11\/SIRAM-Costa-Rica-2025-Cover-page-210x300.jpg\" class=\"attachment-medium size-medium\" alt=\"\" srcset=\"https:\/\/idi.no\/wp-content\/uploads\/2025\/11\/SIRAM-Costa-Rica-2025-Cover-page-210x300.jpg 210w, https:\/\/idi.no\/wp-content\/uploads\/2025\/11\/SIRAM-Costa-Rica-2025-Cover-page.jpg 586w\" sizes=\"auto, (max-width: 210px) 100vw, 210px\" \/>            <\/div>\n\n                    <a \thref=\"https:\/\/idi.no\/wp-content\/uploads\/2025\/11\/SIRAM-REPORT-COSTA-RICA-ENGLISH-VERSION.pdf\" \n            class=\"pdf-attachment-block__full-card-link\"\n            data-uw-ignore-s3\n            download\n        ><\/a>\n    <div class=\"pdf-attachment-block__content \">\n        <div class=\"pdf-attachment-block__info \">\n            <a href=\"https:\/\/idi.no\/wp-content\/uploads\/2025\/11\/SIRAM-REPORT-COSTA-RICA-ENGLISH-VERSION.pdf\" \n               class=\"pdf-attachment-block__title \"\n               download=\"SIRAM-REPORT-COSTA-RICA-ENGLISH-VERSION.pdf\">\n                Informe SIRAM Costa Rica            <\/a>\n        <\/div>\n\n        <a href=\"https:\/\/idi.no\/wp-content\/uploads\/2025\/11\/SIRAM-REPORT-COSTA-RICA-ENGLISH-VERSION.pdf\" \n           class=\"pdf-attachment-block__download-button \" \n           download=\"SIRAM-REPORT-COSTA-RICA-ENGLISH-VERSION.pdf\">\n            <span class=\"pdf-attachment-block__download-button-text \">Download                <span class=\"pdf-attachment-block__download-button-arrow \">\u2193<\/span>\n            <\/span>\n        <\/a>\n    <\/div>\n    <\/div>\n\n\n\n<div  class=\"pdf-attachment-block \">\n    <div class=\"pdf-attachment-block__preview aspect-ratio-tall \">\n                    <img loading=\"lazy\" decoding=\"async\" width=\"213\" height=\"300\" src=\"https:\/\/idi.no\/wp-content\/uploads\/2026\/01\/SIRAM-Report-Costa-Rica-Cover-page-Spanish-213x300.jpg\" class=\"attachment-medium size-medium\" alt=\"\" srcset=\"https:\/\/idi.no\/wp-content\/uploads\/2026\/01\/SIRAM-Report-Costa-Rica-Cover-page-Spanish-213x300.jpg 213w, https:\/\/idi.no\/wp-content\/uploads\/2026\/01\/SIRAM-Report-Costa-Rica-Cover-page-Spanish.jpg 601w\" sizes=\"auto, (max-width: 213px) 100vw, 213px\" \/>            <\/div>\n\n                    <a \thref=\"https:\/\/idi.no\/wp-content\/uploads\/2026\/01\/INFORME-SIRAM-COSTA-ESPANOL.pdf\" \n            class=\"pdf-attachment-block__full-card-link\"\n            data-uw-ignore-s3\n            download\n        ><\/a>\n    <div class=\"pdf-attachment-block__content \">\n        <div class=\"pdf-attachment-block__info \">\n            <a href=\"https:\/\/idi.no\/wp-content\/uploads\/2026\/01\/INFORME-SIRAM-COSTA-ESPANOL.pdf\" \n               class=\"pdf-attachment-block__title \"\n               download=\"INFORME-SIRAM-COSTA-ESPANOL.pdf\">\n                Informe SIRAM Costa Rica en espa\u00f1ol            <\/a>\n        <\/div>\n\n        <a href=\"https:\/\/idi.no\/wp-content\/uploads\/2026\/01\/INFORME-SIRAM-COSTA-ESPANOL.pdf\" \n           class=\"pdf-attachment-block__download-button \" \n           download=\"INFORME-SIRAM-COSTA-ESPANOL.pdf\">\n            <span class=\"pdf-attachment-block__download-button-text \">Download                <span class=\"pdf-attachment-block__download-button-arrow \">\u2193<\/span>\n            <\/span>\n        <\/a>\n    <\/div>\n    <\/div>\n<\/div>\n<\/div>\n\n<div  class=\"initiatives-topics-block \">\n  <div class=\"initiatives-topics-block__container container\">\n    <div class=\"initiatives-topics-block__initiatives initiatives-topics-block__column \">\n      <h3>Initiative<\/h3>\n      <div class=\"initiatives-topics-block__terms \">\n        <span class=\"initiatives-topics-block__terms_term \">SIRAM \u2013 SAI Independence Rapid Advocacy Mechanism<\/span>      <\/div>\n    <\/div>\n\n    <div class=\"initiatives-topics-block__topics initiatives-topics-block__column \">\n      <h3>Topics<\/h3>\n      <div class=\"initiatives-topics-block__terms \">\n        <span class=\"initiatives-topics-block__terms_term \">Independence<\/span>      <\/div>\n    <\/div>\n  <\/div>\n<\/div>    <div         class=\"event-news-grid-block block-background-color--white\">\n        <div class=\"event-news-grid-block__container container\">\n            <h2 class=\"event-news-grid-block__label\">Noticias recientes<\/h2>\n            <div class=\"event-news-grid-block__grid\">\n                    <div class=\"news-card\">\r\n        <a  href=\"https:\/\/idi.no\/es\/news-and-events\/news\/comienza-un-nuevo-capitulo-la-efs-de-uzbekistan-se-une-a-la-iniciativa-global-para-la-rendicion-de-cuentas-de-las-efs-gsai-2\/\"\r\n            class=\"news-card__full-card-link\"\r\n            data-uw-ignore-s3\r\n        ><\/a>\r\n                    <img decoding=\"async\" src=\"https:\/\/idi.no\/wp-content\/uploads\/2026\/04\/CASAI-Press-release-cover.png\" alt=\"Comienza un nuevo cap\u00edtulo: La EFS de Uzbekist\u00e1n se une a la Iniciativa Global para la Rendici\u00f3n de Cuentas de las EFS (GSAI)\" class=\"news-card__image\">\r\n                            <div class=\"news-card__categories\"><a href=\"https:\/\/idi.no\/es\/news\/\">News<\/a><\/div>\r\n                            <div class=\"news-card__date\">22\/04\/2026<\/div>\r\n                            <h6 class=\"news-card__title\">Comienza un nuevo cap\u00edtulo: La EFS de Uzbekist\u00e1n se une a la Iniciativa Global para la Rendici\u00f3n de Cuentas de las EFS (GSAI)<\/h6>\r\n                        <a href=\"https:\/\/idi.no\/es\/news-and-events\/news\/comienza-un-nuevo-capitulo-la-efs-de-uzbekistan-se-une-a-la-iniciativa-global-para-la-rendicion-de-cuentas-de-las-efs-gsai-2\/\" class=\"news-card__link\">Read more<\/a>\r\n    <\/div>\r\n        <div class=\"news-card\">\r\n        <a  href=\"https:\/\/idi.no\/es\/news-and-events\/news\/la-idi-y-el-interventor-y-auditor-general-de-la-india-firman-una-vision-compartida-para-el-futuro-2\/\"\r\n            class=\"news-card__full-card-link\"\r\n            data-uw-ignore-s3\r\n        ><\/a>\r\n                    <img decoding=\"async\" src=\"https:\/\/idi.no\/wp-content\/uploads\/2026\/04\/IMG_8372.jpeg\" alt=\"La IDI y el Interventor y Auditor General de la India firman una visi\u00f3n compartida para el futuro\" class=\"news-card__image\">\r\n                            <div class=\"news-card__categories\"><a href=\"https:\/\/idi.no\/es\/news\/\">News<\/a><\/div>\r\n                            <div class=\"news-card__date\">13\/04\/2026<\/div>\r\n                            <h6 class=\"news-card__title\">La IDI y el Interventor y Auditor General de la India firman una visi\u00f3n compartida para el futuro<\/h6>\r\n                        <a href=\"https:\/\/idi.no\/es\/news-and-events\/news\/la-idi-y-el-interventor-y-auditor-general-de-la-india-firman-una-vision-compartida-para-el-futuro-2\/\" class=\"news-card__link\">Read more<\/a>\r\n    <\/div>\r\n        <div class=\"news-card\">\r\n        <a  href=\"https:\/\/idi.no\/es\/news-and-events\/news\/la-idi-y-el-interventor-y-auditor-general-de-la-india-firman-una-vision-compartida-para-el-futuro\/\"\r\n            class=\"news-card__full-card-link\"\r\n            data-uw-ignore-s3\r\n        ><\/a>\r\n                    <img decoding=\"async\" src=\"https:\/\/idi.no\/wp-content\/uploads\/2026\/03\/Press-release-1200-x-720px.png\" alt=\"La IDI y el Interventor y Auditor General de la India firman una visi\u00f3n compartida para el futuro\" class=\"news-card__image\">\r\n                            <div class=\"news-card__categories\"><a href=\"https:\/\/idi.no\/es\/news\/\">News<\/a><\/div>\r\n                            <div class=\"news-card__date\">24\/03\/2026<\/div>\r\n                            <h6 class=\"news-card__title\">La IDI y el Interventor y Auditor General de la India firman una visi\u00f3n compartida para el futuro<\/h6>\r\n                        <a href=\"https:\/\/idi.no\/es\/news-and-events\/news\/la-idi-y-el-interventor-y-auditor-general-de-la-india-firman-una-vision-compartida-para-el-futuro\/\" class=\"news-card__link\">Read more<\/a>\r\n    <\/div>\r\n        <div class=\"news-card\">\r\n        <a  href=\"https:\/\/idi.no\/es\/news-and-events\/news\/la-direccion-de-las-entidades-fiscalizadoras-superiores-reflexiona-sobre-los-avances-en-las-practicas-sostenibles-de-auditoria-de-gestion-centrandose-en-la-calidad-y-el-impacto-de-la-auditoria-2\/\"\r\n            class=\"news-card__full-card-link\"\r\n            data-uw-ignore-s3\r\n        ><\/a>\r\n                    <img decoding=\"async\" src=\"https:\/\/idi.no\/wp-content\/uploads\/2026\/03\/Official.jpg\" alt=\"La direcci\u00f3n de las Entidades Fiscalizadoras Superiores reflexiona sobre los avances en las pr\u00e1cticas sostenibles de auditor\u00eda de gesti\u00f3n, centr\u00e1ndose en la calidad y el impacto de la auditor\u00eda\" class=\"news-card__image\">\r\n                            <div class=\"news-card__categories\"><a href=\"https:\/\/idi.no\/es\/news\/\">News<\/a><\/div>\r\n                            <div class=\"news-card__date\">17\/03\/2026<\/div>\r\n                            <h6 class=\"news-card__title\">La direcci\u00f3n de las Entidades Fiscalizadoras Superiores reflexiona sobre los avances en las pr\u00e1cticas sostenibles de auditor\u00eda de gesti\u00f3n, centr\u00e1ndose en la calidad y el impacto de la auditor\u00eda<\/h6>\r\n                        <a href=\"https:\/\/idi.no\/es\/news-and-events\/news\/la-direccion-de-las-entidades-fiscalizadoras-superiores-reflexiona-sobre-los-avances-en-las-practicas-sostenibles-de-auditoria-de-gestion-centrandose-en-la-calidad-y-el-impacto-de-la-auditoria-2\/\" class=\"news-card__link\">Read more<\/a>\r\n    <\/div>\r\n                <\/div>\n                            <div class=\"event-news-grid-block__footer block-footer\">\n                                        <a  href=\"\/news-events\/news\/\" \n                        class=\"button button--primary\"\n                                            >\n                        See more                    <\/a>\n                <\/div>\n                    <\/div>\n    <\/div>\n","protected":false},"excerpt":{"rendered":"","protected":false},"featured_media":34583,"template":"","content-type":[14],"topic":[20],"initiative":[240],"class_list":["post-34580","news","type-news","status-publish","has-post-thumbnail","hentry","content-type-news","topic-independence","initiative-siram"],"acf":[],"yoast_head":"<!-- This site is optimized with the Yoast SEO plugin v27.4 - https:\/\/yoast.com\/product\/yoast-seo-wordpress\/ -->\n<title>Un nuevo informe del SIRAM destaca las crecientes presiones sobre la independencia de la Contralor\u00eda General de Costa Rica - IDI<\/title>\n<meta name=\"robots\" content=\"index, follow, max-snippet:-1, max-image-preview:large, max-video-preview:-1\" \/>\n<link rel=\"canonical\" href=\"https:\/\/idi.no\/es\/news-and-events\/news\/un-nuevo-informe-del-siram-destaca-las-crecientes-presiones-sobre-la-independencia-de-la-contraloria-general-de-costa-rica\/\" \/>\n<meta property=\"og:locale\" content=\"es_ES\" \/>\n<meta property=\"og:type\" content=\"article\" \/>\n<meta property=\"og:title\" content=\"Un nuevo informe del SIRAM destaca las crecientes presiones sobre la independencia de la Contralor\u00eda General de Costa Rica - IDI\" \/>\n<meta property=\"og:url\" content=\"https:\/\/idi.no\/es\/news-and-events\/news\/un-nuevo-informe-del-siram-destaca-las-crecientes-presiones-sobre-la-independencia-de-la-contraloria-general-de-costa-rica\/\" \/>\n<meta property=\"og:site_name\" content=\"IDI\" \/>\n<meta property=\"article:modified_time\" content=\"2026-01-21T10:45:15+00:00\" \/>\n<meta property=\"og:image\" content=\"https:\/\/idi.no\/wp-content\/uploads\/2025\/10\/SIRAM-Report-1.jpg\" \/>\n\t<meta property=\"og:image:width\" content=\"1200\" \/>\n\t<meta property=\"og:image:height\" content=\"720\" \/>\n\t<meta property=\"og:image:type\" content=\"image\/jpeg\" \/>\n<meta name=\"twitter:card\" content=\"summary_large_image\" \/>\n<script type=\"application\/ld+json\" class=\"yoast-schema-graph\">{\"@context\":\"https:\\\/\\\/schema.org\",\"@graph\":[{\"@type\":\"WebPage\",\"@id\":\"https:\\\/\\\/idi.no\\\/es\\\/news-and-events\\\/news\\\/un-nuevo-informe-del-siram-destaca-las-crecientes-presiones-sobre-la-independencia-de-la-contraloria-general-de-costa-rica\\\/\",\"url\":\"https:\\\/\\\/idi.no\\\/es\\\/news-and-events\\\/news\\\/un-nuevo-informe-del-siram-destaca-las-crecientes-presiones-sobre-la-independencia-de-la-contraloria-general-de-costa-rica\\\/\",\"name\":\"Un nuevo informe del SIRAM destaca las crecientes presiones sobre la independencia de la Contralor\u00eda General de Costa Rica - IDI\",\"isPartOf\":{\"@id\":\"https:\\\/\\\/idi.no\\\/es\\\/#website\"},\"primaryImageOfPage\":{\"@id\":\"https:\\\/\\\/idi.no\\\/es\\\/news-and-events\\\/news\\\/un-nuevo-informe-del-siram-destaca-las-crecientes-presiones-sobre-la-independencia-de-la-contraloria-general-de-costa-rica\\\/#primaryimage\"},\"image\":{\"@id\":\"https:\\\/\\\/idi.no\\\/es\\\/news-and-events\\\/news\\\/un-nuevo-informe-del-siram-destaca-las-crecientes-presiones-sobre-la-independencia-de-la-contraloria-general-de-costa-rica\\\/#primaryimage\"},\"thumbnailUrl\":\"https:\\\/\\\/idi.no\\\/wp-content\\\/uploads\\\/2025\\\/10\\\/SIRAM-Report-1.jpg\",\"datePublished\":\"2025-05-27T17:41:00+00:00\",\"dateModified\":\"2026-01-21T10:45:15+00:00\",\"breadcrumb\":{\"@id\":\"https:\\\/\\\/idi.no\\\/es\\\/news-and-events\\\/news\\\/un-nuevo-informe-del-siram-destaca-las-crecientes-presiones-sobre-la-independencia-de-la-contraloria-general-de-costa-rica\\\/#breadcrumb\"},\"inLanguage\":\"es\",\"potentialAction\":[{\"@type\":\"ReadAction\",\"target\":[\"https:\\\/\\\/idi.no\\\/es\\\/news-and-events\\\/news\\\/un-nuevo-informe-del-siram-destaca-las-crecientes-presiones-sobre-la-independencia-de-la-contraloria-general-de-costa-rica\\\/\"]}]},{\"@type\":\"ImageObject\",\"inLanguage\":\"es\",\"@id\":\"https:\\\/\\\/idi.no\\\/es\\\/news-and-events\\\/news\\\/un-nuevo-informe-del-siram-destaca-las-crecientes-presiones-sobre-la-independencia-de-la-contraloria-general-de-costa-rica\\\/#primaryimage\",\"url\":\"https:\\\/\\\/idi.no\\\/wp-content\\\/uploads\\\/2025\\\/10\\\/SIRAM-Report-1.jpg\",\"contentUrl\":\"https:\\\/\\\/idi.no\\\/wp-content\\\/uploads\\\/2025\\\/10\\\/SIRAM-Report-1.jpg\",\"width\":1200,\"height\":720,\"caption\":\"Gr\u00e1fico de medios sociales Informe SIRAM Costa Rica publicado\"},{\"@type\":\"BreadcrumbList\",\"@id\":\"https:\\\/\\\/idi.no\\\/es\\\/news-and-events\\\/news\\\/un-nuevo-informe-del-siram-destaca-las-crecientes-presiones-sobre-la-independencia-de-la-contraloria-general-de-costa-rica\\\/#breadcrumb\",\"itemListElement\":[{\"@type\":\"ListItem\",\"position\":1,\"name\":\"Home\",\"item\":\"https:\\\/\\\/idi.no\\\/es\\\/\"},{\"@type\":\"ListItem\",\"position\":2,\"name\":\"Un nuevo informe del SIRAM destaca las crecientes presiones sobre la...\"}]},{\"@type\":\"WebSite\",\"@id\":\"https:\\\/\\\/idi.no\\\/es\\\/#website\",\"url\":\"https:\\\/\\\/idi.no\\\/es\\\/\",\"name\":\"IDI\",\"description\":\"\",\"potentialAction\":[{\"@type\":\"SearchAction\",\"target\":{\"@type\":\"EntryPoint\",\"urlTemplate\":\"https:\\\/\\\/idi.no\\\/es\\\/?s={search_term_string}\"},\"query-input\":{\"@type\":\"PropertyValueSpecification\",\"valueRequired\":true,\"valueName\":\"search_term_string\"}}],\"inLanguage\":\"es\"}]}<\/script>\n<!-- \/ Yoast SEO plugin. -->","yoast_head_json":{"title":"Un nuevo informe del SIRAM destaca las crecientes presiones sobre la independencia de la Contralor\u00eda General de Costa Rica - IDI","robots":{"index":"index","follow":"follow","max-snippet":"max-snippet:-1","max-image-preview":"max-image-preview:large","max-video-preview":"max-video-preview:-1"},"canonical":"https:\/\/idi.no\/es\/news-and-events\/news\/un-nuevo-informe-del-siram-destaca-las-crecientes-presiones-sobre-la-independencia-de-la-contraloria-general-de-costa-rica\/","og_locale":"es_ES","og_type":"article","og_title":"Un nuevo informe del SIRAM destaca las crecientes presiones sobre la independencia de la Contralor\u00eda General de Costa Rica - IDI","og_url":"https:\/\/idi.no\/es\/news-and-events\/news\/un-nuevo-informe-del-siram-destaca-las-crecientes-presiones-sobre-la-independencia-de-la-contraloria-general-de-costa-rica\/","og_site_name":"IDI","article_modified_time":"2026-01-21T10:45:15+00:00","og_image":[{"width":1200,"height":720,"url":"https:\/\/idi.no\/wp-content\/uploads\/2025\/10\/SIRAM-Report-1.jpg","type":"image\/jpeg"}],"twitter_card":"summary_large_image","schema":{"@context":"https:\/\/schema.org","@graph":[{"@type":"WebPage","@id":"https:\/\/idi.no\/es\/news-and-events\/news\/un-nuevo-informe-del-siram-destaca-las-crecientes-presiones-sobre-la-independencia-de-la-contraloria-general-de-costa-rica\/","url":"https:\/\/idi.no\/es\/news-and-events\/news\/un-nuevo-informe-del-siram-destaca-las-crecientes-presiones-sobre-la-independencia-de-la-contraloria-general-de-costa-rica\/","name":"Un nuevo informe del SIRAM destaca las crecientes presiones sobre la independencia de la Contralor\u00eda General de Costa Rica - IDI","isPartOf":{"@id":"https:\/\/idi.no\/es\/#website"},"primaryImageOfPage":{"@id":"https:\/\/idi.no\/es\/news-and-events\/news\/un-nuevo-informe-del-siram-destaca-las-crecientes-presiones-sobre-la-independencia-de-la-contraloria-general-de-costa-rica\/#primaryimage"},"image":{"@id":"https:\/\/idi.no\/es\/news-and-events\/news\/un-nuevo-informe-del-siram-destaca-las-crecientes-presiones-sobre-la-independencia-de-la-contraloria-general-de-costa-rica\/#primaryimage"},"thumbnailUrl":"https:\/\/idi.no\/wp-content\/uploads\/2025\/10\/SIRAM-Report-1.jpg","datePublished":"2025-05-27T17:41:00+00:00","dateModified":"2026-01-21T10:45:15+00:00","breadcrumb":{"@id":"https:\/\/idi.no\/es\/news-and-events\/news\/un-nuevo-informe-del-siram-destaca-las-crecientes-presiones-sobre-la-independencia-de-la-contraloria-general-de-costa-rica\/#breadcrumb"},"inLanguage":"es","potentialAction":[{"@type":"ReadAction","target":["https:\/\/idi.no\/es\/news-and-events\/news\/un-nuevo-informe-del-siram-destaca-las-crecientes-presiones-sobre-la-independencia-de-la-contraloria-general-de-costa-rica\/"]}]},{"@type":"ImageObject","inLanguage":"es","@id":"https:\/\/idi.no\/es\/news-and-events\/news\/un-nuevo-informe-del-siram-destaca-las-crecientes-presiones-sobre-la-independencia-de-la-contraloria-general-de-costa-rica\/#primaryimage","url":"https:\/\/idi.no\/wp-content\/uploads\/2025\/10\/SIRAM-Report-1.jpg","contentUrl":"https:\/\/idi.no\/wp-content\/uploads\/2025\/10\/SIRAM-Report-1.jpg","width":1200,"height":720,"caption":"Gr\u00e1fico de medios sociales Informe SIRAM Costa Rica publicado"},{"@type":"BreadcrumbList","@id":"https:\/\/idi.no\/es\/news-and-events\/news\/un-nuevo-informe-del-siram-destaca-las-crecientes-presiones-sobre-la-independencia-de-la-contraloria-general-de-costa-rica\/#breadcrumb","itemListElement":[{"@type":"ListItem","position":1,"name":"Home","item":"https:\/\/idi.no\/es\/"},{"@type":"ListItem","position":2,"name":"Un nuevo informe del SIRAM destaca las crecientes presiones sobre la..."}]},{"@type":"WebSite","@id":"https:\/\/idi.no\/es\/#website","url":"https:\/\/idi.no\/es\/","name":"IDI","description":"","potentialAction":[{"@type":"SearchAction","target":{"@type":"EntryPoint","urlTemplate":"https:\/\/idi.no\/es\/?s={search_term_string}"},"query-input":{"@type":"PropertyValueSpecification","valueRequired":true,"valueName":"search_term_string"}}],"inLanguage":"es"}]}},"_links":{"self":[{"href":"https:\/\/idi.no\/es\/wp-json\/wp\/v2\/news\/34580","targetHints":{"allow":["GET"]}}],"collection":[{"href":"https:\/\/idi.no\/es\/wp-json\/wp\/v2\/news"}],"about":[{"href":"https:\/\/idi.no\/es\/wp-json\/wp\/v2\/types\/news"}],"version-history":[{"count":1,"href":"https:\/\/idi.no\/es\/wp-json\/wp\/v2\/news\/34580\/revisions"}],"predecessor-version":[{"id":34584,"href":"https:\/\/idi.no\/es\/wp-json\/wp\/v2\/news\/34580\/revisions\/34584"}],"wp:featuredmedia":[{"embeddable":true,"href":"https:\/\/idi.no\/es\/wp-json\/wp\/v2\/media\/34583"}],"wp:attachment":[{"href":"https:\/\/idi.no\/es\/wp-json\/wp\/v2\/media?parent=34580"}],"wp:term":[{"taxonomy":"content-type","embeddable":true,"href":"https:\/\/idi.no\/es\/wp-json\/wp\/v2\/content-type?post=34580"},{"taxonomy":"topic","embeddable":true,"href":"https:\/\/idi.no\/es\/wp-json\/wp\/v2\/topic?post=34580"},{"taxonomy":"initiative","embeddable":true,"href":"https:\/\/idi.no\/es\/wp-json\/wp\/v2\/initiative?post=34580"}],"curies":[{"name":"wp","href":"https:\/\/api.w.org\/{rel}","templated":true}]}}