{"id":34683,"date":"2025-06-24T00:28:00","date_gmt":"2025-06-24T00:28:00","guid":{"rendered":"https:\/\/idi.no\/news-and-events\/news\/de-estambul-al-impacto-la-idi-capacita-a-los-auditores-europeos-para-impulsar-el-cambio-a-traves-del-taller-de-formacion-avanzada-del-pmf-de-las-efs\/"},"modified":"2026-01-21T10:45:36","modified_gmt":"2026-01-21T10:45:36","slug":"de-estambul-al-impacto-la-idi-capacita-a-los-auditores-europeos-para-impulsar-el-cambio-a-traves-del-taller-de-formacion-avanzada-del-pmf-de-las-efs","status":"publish","type":"news","link":"https:\/\/idi.no\/es\/news-and-events\/news\/de-estambul-al-impacto-la-idi-capacita-a-los-auditores-europeos-para-impulsar-el-cambio-a-traves-del-taller-de-formacion-avanzada-del-pmf-de-las-efs\/","title":{"rendered":"De Estambul al Impacto: La IDI capacita a los auditores europeos para impulsar el cambio a trav\u00e9s del Taller de Formaci\u00f3n Avanzada del PMF de las EFS"},"content":{"rendered":"\n<div  class=\"article-header-block   block-style-image-type--default\">\n\t<div class=\"article-header-block__container container\">\n\t\t\t\t<div class=\"article-header-block__breadcrumbs\">\n\t\t\t<span><span><a href=\"https:\/\/idi.no\/es\/\">Home<\/a><\/span><\/span>\t\t\t<\/div>\n\t\t\t\t<div class=\"article-header-block__meta \">\n\t\t<div class=\"article-header-block__hero-content\">\n\n\t\t\t\t\t<div class=\"article-header-block__categories \">\n\t\t\t<span class=\"article-header-block__category\">News<\/span>\t\t\t<\/div>\n\t\t\t\t\t\t\t\t<h2 class=\"article-header-block__title \">\n\t\t\tDe Estambul al Impacto: La IDI capacita a los auditores europeos para impulsar el cambio a trav\u00e9s del Taller de Formaci\u00f3n Avanzada del PMF de las EFS<\/h2>\n\t\t\n\t\t\t\t\t<div class=\"article-header-block__date \">\n\t\t\t24\/06\/2025<\/div>\n\t\t\t\t<\/div>\n\t\t<div class=\"article-header-block__preview \">\n\t\t<img loading=\"lazy\" decoding=\"async\" width=\"1200\" height=\"720\" src=\"https:\/\/idi.no\/wp-content\/uploads\/2025\/10\/SAI-PMF-Picture3.jpg\" class=\"attachment-full size-full\" alt=\"SAI PMF\" srcset=\"https:\/\/idi.no\/wp-content\/uploads\/2025\/10\/SAI-PMF-Picture3.jpg 1200w, https:\/\/idi.no\/wp-content\/uploads\/2025\/10\/SAI-PMF-Picture3-300x180.jpg 300w, https:\/\/idi.no\/wp-content\/uploads\/2025\/10\/SAI-PMF-Picture3-1024x614.jpg 1024w, https:\/\/idi.no\/wp-content\/uploads\/2025\/10\/SAI-PMF-Picture3-768x461.jpg 768w\" sizes=\"auto, (max-width: 1200px) 100vw, 1200px\" \/>\t\t<\/div>\n\t<\/div>\n\t<\/div>\n<\/div>\n\n<div class=\"wp-block-columns alignfull is-layout-flex wp-container-core-columns-is-layout-28f84493 wp-block-columns-is-layout-flex\">\n<div class=\"wp-block-column is-layout-flow wp-block-column-is-layout-flow\">\n<div class=\"social-share-block\">\n  <span class=\"social-share-block__title\">Share<\/span>\n  <div class=\"social-share-block__icons\">\n    <div class=\"simplesocialbuttons simplesocial-round-icon simplesocialbuttons_inline simplesocialbuttons-align-left simplesocialbuttons-inline-no-animation\">\n<button class=\"simplesocial-fb-share\"  rel=\"nofollow\"  target=\"_blank\"  aria-label=\"Facebook Share\" data-href=\"https:\/\/www.facebook.com\/sharer\/sharer.php?u=https:\/\/idi.no\/es\/news-and-events\/news\/de-estambul-al-impacto-la-idi-capacita-a-los-auditores-europeos-para-impulsar-el-cambio-a-traves-del-taller-de-formacion-avanzada-del-pmf-de-las-efs\/\" onClick=\"javascript:window.open(this.dataset.href, '', 'menubar=no,toolbar=no,resizable=yes,scrollbars=yes,height=600,width=600');return false;\"><span class=\"simplesocialtxt\">Facebook <\/span> <\/button>\n<button class=\"simplesocial-twt-share\"  rel=\"nofollow\"  target=\"_blank\"  aria-label=\"Twitter Share\" data-href=\"https:\/\/twitter.com\/intent\/tweet?text=De+Estambul+al+Impacto%3A+La+IDI+capacita+a+los+auditores+europeos+para+impulsar+el+cambio+a+trav%C3%A9s+del+Taller+de+Formaci%C3%B3n+Avanzada+del+PMF+de+las+EFS&#038;url=https:\/\/idi.no\/es\/news-and-events\/news\/de-estambul-al-impacto-la-idi-capacita-a-los-auditores-europeos-para-impulsar-el-cambio-a-traves-del-taller-de-formacion-avanzada-del-pmf-de-las-efs\/\" onClick=\"javascript:window.open(this.dataset.href, '', 'menubar=no,toolbar=no,resizable=yes,scrollbars=yes,height=600,width=600');return false;\"><span class=\"simplesocialtxt\">Twitter<\/span> <\/button>\n<button  rel=\"nofollow\"  target=\"_blank\"  class=\"simplesocial-linkedin-share\" aria-label=\"LinkedIn Share\" data-href=\"https:\/\/www.linkedin.com\/sharing\/share-offsite\/?url=https:\/\/idi.no\/es\/news-and-events\/news\/de-estambul-al-impacto-la-idi-capacita-a-los-auditores-europeos-para-impulsar-el-cambio-a-traves-del-taller-de-formacion-avanzada-del-pmf-de-las-efs\/\" onClick=\"javascript:window.open(this.dataset.href, '', 'menubar=no,toolbar=no,resizable=yes,scrollbars=yes,height=600,width=600');return false;\"><span class=\"simplesocialtxt\">LinkedIn<\/span><\/button>\n<button onClick=\"javascript:window.location.href = this.dataset.href;return false;\" class=\"simplesocial-email-share\" aria-label=\"Share through Email\"  rel=\"nofollow\"  target=\"_blank\"   data-href=\"mailto:?subject=De Estambul al Impacto%3A La IDI capacita a los auditores europeos para impulsar el cambio a trav%C3%A9s del Taller de Formaci%C3%B3n Avanzada del PMF de las EFS&#038;body=https:\/\/idi.no\/es\/news-and-events\/news\/de-estambul-al-impacto-la-idi-capacita-a-los-auditores-europeos-para-impulsar-el-cambio-a-traves-del-taller-de-formacion-avanzada-del-pmf-de-las-efs\/\"><span class=\"simplesocialtxt\">Email<\/span><\/button>\n<button class=\"simplesocial-copy-link copy-share\"  rel=\"nofollow\"  target=\"_blank\"  aria-label=\"Copy Link\" data-href=\" https:\/\/idi.no\/es\/news-and-events\/news\/de-estambul-al-impacto-la-idi-capacita-a-los-auditores-europeos-para-impulsar-el-cambio-a-traves-del-taller-de-formacion-avanzada-del-pmf-de-las-efs\/\"  onClick=\"ssb_copy_share_link(this); return false;\"><span class=\"simplesocialtxt\">Copy<\/span><span class=\"ssb_tooltip\">Copied<\/span> <\/button>\n<\/div>\n  <\/div>\n<\/div><\/div>\n\n\n\n<div class=\"wp-block-column is-layout-flow wp-block-column-is-layout-flow\">\r\n<div  class=\"text-only-block text-only-block__white-background text-only-block__text-only\"> <!-- Removed undefined $style (before: echoed $style) -->\r\n    <div class=\"text-only-block__container container\">\r\n                    <div class=\"text-only-block__content\">\r\n                                                                    <div class=\"text-only-block__description\"><p>Del 2 al 6 de junio de 2025, personal de Entidades Fiscalizadoras Superiores (EFS) de 14 pa\u00edses de la Organizaci\u00f3n Europea de Entidades Fiscalizadoras Superiores (EUROSAI), junto con dos participantes de la Organizaci\u00f3n Africana de Entidades Fiscalizadoras Superiores de Habla Inglesa (AFROSAI-E), se reunieron para reforzar sus conocimientos y habilidades en la aplicaci\u00f3n del Marco de Medici\u00f3n del Rendimiento de las EFS (MMRD EFS). Se trataba de un taller de formaci\u00f3n avanzada sobre el MMD EFS organizado por la Iniciativa para el Desarrollo de la INTOSAI (IDI), el tercero de este tipo a escala mundial, tras el \u00e9xito de las sesiones celebradas en las regiones de ARABOSAI y ASOSAI. <\/p>\n<p>En esencia, el MMD EFS es una herramienta poderosa. Permite a las EFS evaluar sus puntos fuertes y d\u00e9biles de forma estructurada y basada en pruebas. Al identificar las \u00e1reas de excelencia y las que necesitan mejoras, el marco ofrece una hoja de ruta para una reforma institucional significativa. Pero su impacto se extiende m\u00e1s all\u00e1 de las paredes de las oficinas de auditor\u00eda para apoyar un uso m\u00e1s transparente de los recursos p\u00fablicos y garantizar la alineaci\u00f3n con las prioridades nacionales.   <\/p>\n<p><img loading=\"lazy\" decoding=\"async\" class=\"alignnone size-full wp-image-15493\" src=\"https:\/\/idi.no\/wp-content\/uploads\/2025\/10\/SAI_PMF_Picture2.jpg\" alt=\"Taller de Estambul\" width=\"1364\" height=\"951\" srcset=\"https:\/\/idi.no\/wp-content\/uploads\/2025\/10\/SAI_PMF_Picture2.jpg 1364w, https:\/\/idi.no\/wp-content\/uploads\/2025\/10\/SAI_PMF_Picture2-300x209.jpg 300w, https:\/\/idi.no\/wp-content\/uploads\/2025\/10\/SAI_PMF_Picture2-1024x714.jpg 1024w, https:\/\/idi.no\/wp-content\/uploads\/2025\/10\/SAI_PMF_Picture2-768x535.jpg 768w\" sizes=\"auto, (max-width: 1364px) 100vw, 1364px\" \/><\/p>\n<p>El taller de Estambul se dise\u00f1\u00f3 para crear un efecto domin\u00f3. A medida que m\u00e1s personal de las EFS adquiere experiencia en el uso del marco, se convierten en campeones locales que pueden guiar a sus instituciones y a sus hom\u00f3logos hacia un cambio positivo. Tambi\u00e9n contribuyen a una creciente red mundial de revisores independientes, profesionales que pueden proporcionar una garant\u00eda de calidad imparcial cuando las EFS realicen autoevaluaciones utilizando el MMD EFS.  <\/p>\n<h3 role=\"heading\" data-uw-rm-heading=\"level\">Formaci\u00f3n, aprendizaje e intercambio de conocimientos<\/h3>\n<p>A lo largo de la semana, los participantes compartieron experiencias de sus pa\u00edses de origen, ofreciendo un contexto real e inspiraci\u00f3n. Algunos hab\u00edan completado recientemente evaluaciones del MMD EFS, mientras que otros se preparaban para empezar. Esta mezcla de niveles de experiencia a\u00f1adi\u00f3 profundidad a los debates y foment\u00f3 el aprendizaje mutuo.  <\/p>\n<p>Durante los cinco d\u00edas que dur\u00f3 el taller, Brighton Nyanga, director de la IDI y especialista en el MMD de las EFS, gui\u00f3 a los participantes a lo largo de todo el ciclo de vida de una evaluaci\u00f3n del MMD de las EFS, desde la planificaci\u00f3n y la puntuaci\u00f3n hasta el an\u00e1lisis, la elaboraci\u00f3n de informes y la publicaci\u00f3n o el intercambio de los resultados. La formaci\u00f3n equilibr\u00f3 la teor\u00eda con ejercicios pr\u00e1cticos e incluy\u00f3 sesiones sobre nuevos desarrollos, como la repetici\u00f3n de evaluaciones, la gesti\u00f3n de la calidad y el modo en que las EFS pueden utilizar el marco para la supervisi\u00f3n del rendimiento. <\/p>\n<p>El debate tambi\u00e9n se centr\u00f3 en la revisi\u00f3n en curso del propio MMD EFS, cuya aprobaci\u00f3n est\u00e1 prevista para el pr\u00f3ximo Congreso de la INTOSAI en septiembre de 2025. Para muchas EFS, estos cambios har\u00e1n que el marco sea a\u00fan m\u00e1s relevante para los retos actuales de la gobernanza y reflejar\u00e1n las lecciones aprendidas desde su lanzamiento en diciembre de 2016. <\/p>\n<p><img loading=\"lazy\" decoding=\"async\" class=\"alignnone wp-image-15494\" src=\"https:\/\/idi.no\/wp-content\/uploads\/2025\/10\/SAI_PMF_f_3.jpg\" alt=\"\" width=\"250\" height=\"185\" srcset=\"https:\/\/idi.no\/wp-content\/uploads\/2025\/10\/SAI_PMF_f_3.jpg 1325w, https:\/\/idi.no\/wp-content\/uploads\/2025\/10\/SAI_PMF_f_3-300x222.jpg 300w, https:\/\/idi.no\/wp-content\/uploads\/2025\/10\/SAI_PMF_f_3-1024x757.jpg 1024w, https:\/\/idi.no\/wp-content\/uploads\/2025\/10\/SAI_PMF_f_3-768x567.jpg 768w\" sizes=\"auto, (max-width: 250px) 100vw, 250px\" \/> <img loading=\"lazy\" decoding=\"async\" class=\"alignnone wp-image-15495\" src=\"https:\/\/idi.no\/wp-content\/uploads\/2025\/10\/SAI_PMF_f_4.jpg\" alt=\"\" width=\"250\" height=\"185\" srcset=\"https:\/\/idi.no\/wp-content\/uploads\/2025\/10\/SAI_PMF_f_4.jpg 1325w, https:\/\/idi.no\/wp-content\/uploads\/2025\/10\/SAI_PMF_f_4-300x222.jpg 300w, https:\/\/idi.no\/wp-content\/uploads\/2025\/10\/SAI_PMF_f_4-1024x757.jpg 1024w, https:\/\/idi.no\/wp-content\/uploads\/2025\/10\/SAI_PMF_f_4-768x567.jpg 768w\" sizes=\"auto, (max-width: 250px) 100vw, 250px\" \/> <img loading=\"lazy\" decoding=\"async\" class=\"alignnone wp-image-15496\" src=\"https:\/\/idi.no\/wp-content\/uploads\/2025\/10\/SAI_PMF_f_6.jpg\" alt=\"\" width=\"250\" height=\"185\" srcset=\"https:\/\/idi.no\/wp-content\/uploads\/2025\/10\/SAI_PMF_f_6.jpg 1325w, https:\/\/idi.no\/wp-content\/uploads\/2025\/10\/SAI_PMF_f_6-300x222.jpg 300w, https:\/\/idi.no\/wp-content\/uploads\/2025\/10\/SAI_PMF_f_6-1024x757.jpg 1024w, https:\/\/idi.no\/wp-content\/uploads\/2025\/10\/SAI_PMF_f_6-768x567.jpg 768w\" sizes=\"auto, (max-width: 250px) 100vw, 250px\" \/><\/p>\n<h3>Reforzar el marco requiere un compromiso regional m\u00e1s amplio<\/h3>\n<p>La formaci\u00f3n de Estambul form\u00f3 parte de los esfuerzos m\u00e1s amplios de IDI para promover una adopci\u00f3n m\u00e1s coherente y eficaz del MMD EFS a nivel regional. Esta iniciativa es fundamental para la estrategia de aplicaci\u00f3n global de la IDI para 2023-2028, que hace hincapi\u00e9 en el uso sostenible y a largo plazo del marco en todas las regiones de la INTOSAI. Mediante el desarrollo de la capacidad t\u00e9cnica del personal de las EFS a trav\u00e9s de una formaci\u00f3n espec\u00edfica, la IDI pretende fomentar una comprensi\u00f3n m\u00e1s profunda del marco y permitir a las EFS dirigir sus propias evaluaciones con confianza.  <\/p>\n<p><img loading=\"lazy\" decoding=\"async\" class=\"alignnone wp-image-15504\" src=\"https:\/\/idi.no\/wp-content\/uploads\/2025\/10\/SAI_PMF_Istambul-5.jpg\" alt=\"\" width=\"250\" height=\"185\" srcset=\"https:\/\/idi.no\/wp-content\/uploads\/2025\/10\/SAI_PMF_Istambul-5.jpg 1325w, https:\/\/idi.no\/wp-content\/uploads\/2025\/10\/SAI_PMF_Istambul-5-300x222.jpg 300w, https:\/\/idi.no\/wp-content\/uploads\/2025\/10\/SAI_PMF_Istambul-5-1024x757.jpg 1024w, https:\/\/idi.no\/wp-content\/uploads\/2025\/10\/SAI_PMF_Istambul-5-768x567.jpg 768w\" sizes=\"auto, (max-width: 250px) 100vw, 250px\" \/> <img loading=\"lazy\" decoding=\"async\" class=\"alignnone wp-image-15505\" src=\"https:\/\/idi.no\/wp-content\/uploads\/2025\/10\/Untitled_design-7.jpg\" alt=\"\" width=\"250\" height=\"185\" srcset=\"https:\/\/idi.no\/wp-content\/uploads\/2025\/10\/Untitled_design-7.jpg 1325w, https:\/\/idi.no\/wp-content\/uploads\/2025\/10\/Untitled_design-7-300x222.jpg 300w, https:\/\/idi.no\/wp-content\/uploads\/2025\/10\/Untitled_design-7-1024x757.jpg 1024w, https:\/\/idi.no\/wp-content\/uploads\/2025\/10\/Untitled_design-7-768x567.jpg 768w\" sizes=\"auto, (max-width: 250px) 100vw, 250px\" \/> <img loading=\"lazy\" decoding=\"async\" class=\"alignnone wp-image-15506\" src=\"https:\/\/idi.no\/wp-content\/uploads\/2025\/10\/Untitled_design-8.jpg\" alt=\"\" width=\"250\" height=\"185\" srcset=\"https:\/\/idi.no\/wp-content\/uploads\/2025\/10\/Untitled_design-8.jpg 1325w, https:\/\/idi.no\/wp-content\/uploads\/2025\/10\/Untitled_design-8-300x222.jpg 300w, https:\/\/idi.no\/wp-content\/uploads\/2025\/10\/Untitled_design-8-1024x757.jpg 1024w, https:\/\/idi.no\/wp-content\/uploads\/2025\/10\/Untitled_design-8-768x567.jpg 768w\" sizes=\"auto, (max-width: 250px) 100vw, 250px\" \/><\/p>\n<p>Este enfoque regional contribuye a reforzar las redes de apoyo entre pares, en las que los profesionales experimentados pueden orientar y asesorar a otros en la aplicaci\u00f3n del marco. Esta colaboraci\u00f3n no s\u00f3lo refuerza el aprendizaje, sino que tambi\u00e9n contribuye a una creciente comunidad de pr\u00e1cticas en torno a la aplicaci\u00f3n del MMD EFS. <\/p>\n<p>De cara al futuro, IDI tiene la intenci\u00f3n de organizar talleres similares en el resto de regiones de INTOSAI, garantizando que ninguna regi\u00f3n se quede atr\u00e1s en el esfuerzo global por desarrollar Entidades Fiscalizadoras Superiores m\u00e1s fuertes, independientes, cre\u00edbles y sostenibles.<\/p>\n<h3>Una base para mejorar la transparencia y la rendici\u00f3n de cuentas<\/h3>\n<p>Cuando las EFS est\u00e1n equipadas para evaluar su rendimiento con confianza y credibilidad, est\u00e1n mejor posicionadas para auditar los fondos p\u00fablicos, identificar ineficiencias y recomendar mejoras significativas. Esto, a su vez, aumenta la transparencia y la responsabilidad de las instituciones p\u00fablicas y contribuye a garantizar que los recursos se utilicen de forma que sirvan a los ciudadanos y defiendan las prioridades nacionales. <\/p>\n<p>Al capacitar a las EFS para que se comprendan mejor y se mejoren a s\u00ed mismas, el MMD EFS contribuye a una transformaci\u00f3n m\u00e1s amplia en todo el sector p\u00fablico. El taller de Estambul marc\u00f3 un hito importante en ese viaje en curso; un viaje que tiene el potencial de formar pr\u00e1cticas de auditor\u00eda m\u00e1s s\u00f3lidas, una supervisi\u00f3n m\u00e1s impactante y, en \u00faltima instancia, una gobernanza m\u00e1s responsable. <\/p>\n<p><strong> <\/strong>Como \u00faltima formaci\u00f3n de una serie global dirigida por IDI, el taller no s\u00f3lo profundiz\u00f3 en los conocimientos t\u00e9cnicos, sino que tambi\u00e9n ayud\u00f3 a crear una red de profesionales comprometidos en EUROSAI dispuestos a apoyar el aprendizaje entre iguales y la reforma institucional.<\/p>\n<p>Para saber m\u00e1s sobre esta iniciativa, consulta nuestra <a href=\"https:\/\/idi.no\/our-work\/initiative\/sai-pmf\/\" target=\"_blank\" rel=\"noopener\" data-uw-rm-brl=\"PR\" data-uw-original-href=\"\/work-streams\/well-governed-sais\/sai-pmf\">p\u00e1gina SAI PMF<\/a>.<\/p>\n<\/div>\r\n                                \r\n                <!-- New: Wrap all buttons in __button-list for consistency with working block -->\r\n                <div class=\"text-only-block__button-list\">\r\n                    \r\n                                    <\/div>\r\n            <\/div>\r\n        \r\n        \r\n        \r\n            <\/div>\r\n<\/div><\/div>\n\n\n\n<div class=\"wp-block-column is-layout-flow wp-block-column-is-layout-flow\"><\/div>\n<\/div>\n\n<div  class=\"initiatives-topics-block \">\n  <div class=\"initiatives-topics-block__container container\">\n    <div class=\"initiatives-topics-block__initiatives initiatives-topics-block__column \">\n      <h3>Initiative<\/h3>\n      <div class=\"initiatives-topics-block__terms \">\n        <span class=\"initiatives-topics-block__terms_term \">SAI PMF \u2013 SAI Performance Measurement Framework<\/span>      <\/div>\n    <\/div>\n\n    <div class=\"initiatives-topics-block__topics initiatives-topics-block__column \">\n      <h3>Topics<\/h3>\n      <div class=\"initiatives-topics-block__terms \">\n        <span class=\"initiatives-topics-block__terms_term \">Governance<\/span>      <\/div>\n    <\/div>\n  <\/div>\n<\/div>    <div         class=\"event-news-grid-block block-background-color--white\">\n        <div class=\"event-news-grid-block__container container\">\n            <h2 class=\"event-news-grid-block__label\">Noticias recientes<\/h2>\n            <div class=\"event-news-grid-block__grid\">\n                    <div class=\"news-card\">\r\n        <a  href=\"https:\/\/idi.no\/es\/news-and-events\/news\/comienza-un-nuevo-capitulo-la-efs-de-uzbekistan-se-une-a-la-iniciativa-global-para-la-rendicion-de-cuentas-de-las-efs-gsai-2\/\"\r\n            class=\"news-card__full-card-link\"\r\n            data-uw-ignore-s3\r\n        ><\/a>\r\n                    <img decoding=\"async\" src=\"https:\/\/idi.no\/wp-content\/uploads\/2026\/04\/CASAI-Press-release-cover.png\" alt=\"Comienza un nuevo cap\u00edtulo: La EFS de Uzbekist\u00e1n se une a la Iniciativa Global para la Rendici\u00f3n de Cuentas de las EFS (GSAI)\" class=\"news-card__image\">\r\n                            <div class=\"news-card__categories\"><a href=\"https:\/\/idi.no\/es\/news\/\">News<\/a><\/div>\r\n                            <div class=\"news-card__date\">22\/04\/2026<\/div>\r\n                            <h6 class=\"news-card__title\">Comienza un nuevo cap\u00edtulo: La EFS de Uzbekist\u00e1n se une a la Iniciativa Global para la Rendici\u00f3n de Cuentas de las EFS (GSAI)<\/h6>\r\n                        <a href=\"https:\/\/idi.no\/es\/news-and-events\/news\/comienza-un-nuevo-capitulo-la-efs-de-uzbekistan-se-une-a-la-iniciativa-global-para-la-rendicion-de-cuentas-de-las-efs-gsai-2\/\" class=\"news-card__link\">Read more<\/a>\r\n    <\/div>\r\n        <div class=\"news-card\">\r\n        <a  href=\"https:\/\/idi.no\/es\/news-and-events\/news\/la-idi-y-el-interventor-y-auditor-general-de-la-india-firman-una-vision-compartida-para-el-futuro-2\/\"\r\n            class=\"news-card__full-card-link\"\r\n            data-uw-ignore-s3\r\n        ><\/a>\r\n                    <img decoding=\"async\" src=\"https:\/\/idi.no\/wp-content\/uploads\/2026\/04\/IMG_8372.jpeg\" alt=\"La IDI y el Interventor y Auditor General de la India firman una visi\u00f3n compartida para el futuro\" class=\"news-card__image\">\r\n                            <div class=\"news-card__categories\"><a href=\"https:\/\/idi.no\/es\/news\/\">News<\/a><\/div>\r\n                            <div class=\"news-card__date\">13\/04\/2026<\/div>\r\n                            <h6 class=\"news-card__title\">La IDI y el Interventor y Auditor General de la India firman una visi\u00f3n compartida para el futuro<\/h6>\r\n                        <a href=\"https:\/\/idi.no\/es\/news-and-events\/news\/la-idi-y-el-interventor-y-auditor-general-de-la-india-firman-una-vision-compartida-para-el-futuro-2\/\" class=\"news-card__link\">Read more<\/a>\r\n    <\/div>\r\n        <div class=\"news-card\">\r\n        <a  href=\"https:\/\/idi.no\/es\/news-and-events\/news\/la-idi-y-el-interventor-y-auditor-general-de-la-india-firman-una-vision-compartida-para-el-futuro\/\"\r\n            class=\"news-card__full-card-link\"\r\n            data-uw-ignore-s3\r\n        ><\/a>\r\n                    <img decoding=\"async\" src=\"https:\/\/idi.no\/wp-content\/uploads\/2026\/03\/Press-release-1200-x-720px.png\" alt=\"La IDI y el Interventor y Auditor General de la India firman una visi\u00f3n compartida para el futuro\" class=\"news-card__image\">\r\n                            <div class=\"news-card__categories\"><a href=\"https:\/\/idi.no\/es\/news\/\">News<\/a><\/div>\r\n                            <div class=\"news-card__date\">24\/03\/2026<\/div>\r\n                            <h6 class=\"news-card__title\">La IDI y el Interventor y Auditor General de la India firman una visi\u00f3n compartida para el futuro<\/h6>\r\n                        <a href=\"https:\/\/idi.no\/es\/news-and-events\/news\/la-idi-y-el-interventor-y-auditor-general-de-la-india-firman-una-vision-compartida-para-el-futuro\/\" class=\"news-card__link\">Read more<\/a>\r\n    <\/div>\r\n        <div class=\"news-card\">\r\n        <a  href=\"https:\/\/idi.no\/es\/news-and-events\/news\/la-direccion-de-las-entidades-fiscalizadoras-superiores-reflexiona-sobre-los-avances-en-las-practicas-sostenibles-de-auditoria-de-gestion-centrandose-en-la-calidad-y-el-impacto-de-la-auditoria-2\/\"\r\n            class=\"news-card__full-card-link\"\r\n            data-uw-ignore-s3\r\n        ><\/a>\r\n                    <img decoding=\"async\" src=\"https:\/\/idi.no\/wp-content\/uploads\/2026\/03\/Official.jpg\" alt=\"La direcci\u00f3n de las Entidades Fiscalizadoras Superiores reflexiona sobre los avances en las pr\u00e1cticas sostenibles de auditor\u00eda de gesti\u00f3n, centr\u00e1ndose en la calidad y el impacto de la auditor\u00eda\" class=\"news-card__image\">\r\n                            <div class=\"news-card__categories\"><a href=\"https:\/\/idi.no\/es\/news\/\">News<\/a><\/div>\r\n                            <div class=\"news-card__date\">17\/03\/2026<\/div>\r\n                            <h6 class=\"news-card__title\">La direcci\u00f3n de las Entidades Fiscalizadoras Superiores reflexiona sobre los avances en las pr\u00e1cticas sostenibles de auditor\u00eda de gesti\u00f3n, centr\u00e1ndose en la calidad y el impacto de la auditor\u00eda<\/h6>\r\n                        <a href=\"https:\/\/idi.no\/es\/news-and-events\/news\/la-direccion-de-las-entidades-fiscalizadoras-superiores-reflexiona-sobre-los-avances-en-las-practicas-sostenibles-de-auditoria-de-gestion-centrandose-en-la-calidad-y-el-impacto-de-la-auditoria-2\/\" class=\"news-card__link\">Read more<\/a>\r\n    <\/div>\r\n                <\/div>\n                            <div class=\"event-news-grid-block__footer block-footer\">\n                                        <a  href=\"\/news-events\/news\/\" \n                        class=\"button button--primary\"\n                                            >\n                        See more                    <\/a>\n                <\/div>\n                    <\/div>\n    <\/div>\n","protected":false},"excerpt":{"rendered":"","protected":false},"featured_media":34694,"template":"","content-type":[14],"topic":[23],"initiative":[239],"class_list":["post-34683","news","type-news","status-publish","has-post-thumbnail","hentry","content-type-news","topic-governance","initiative-sai-pmf"],"acf":[],"yoast_head":"<!-- This site is optimized with the Yoast SEO plugin v27.4 - https:\/\/yoast.com\/product\/yoast-seo-wordpress\/ -->\n<title>De Estambul al Impacto: La IDI capacita a los auditores europeos para impulsar el cambio a trav\u00e9s del Taller de Formaci\u00f3n Avanzada del PMF de las EFS - IDI<\/title>\n<meta name=\"robots\" content=\"index, follow, max-snippet:-1, max-image-preview:large, max-video-preview:-1\" \/>\n<link rel=\"canonical\" href=\"https:\/\/idi.no\/es\/news-and-events\/news\/de-estambul-al-impacto-la-idi-capacita-a-los-auditores-europeos-para-impulsar-el-cambio-a-traves-del-taller-de-formacion-avanzada-del-pmf-de-las-efs\/\" \/>\n<meta property=\"og:locale\" content=\"es_ES\" \/>\n<meta property=\"og:type\" content=\"article\" \/>\n<meta property=\"og:title\" content=\"De Estambul al Impacto: La IDI capacita a los auditores europeos para impulsar el cambio a trav\u00e9s del Taller de Formaci\u00f3n Avanzada del PMF de las EFS - IDI\" \/>\n<meta property=\"og:url\" content=\"https:\/\/idi.no\/es\/news-and-events\/news\/de-estambul-al-impacto-la-idi-capacita-a-los-auditores-europeos-para-impulsar-el-cambio-a-traves-del-taller-de-formacion-avanzada-del-pmf-de-las-efs\/\" \/>\n<meta property=\"og:site_name\" content=\"IDI\" \/>\n<meta property=\"article:modified_time\" content=\"2026-01-21T10:45:36+00:00\" \/>\n<meta property=\"og:image\" content=\"https:\/\/idi.no\/wp-content\/uploads\/2025\/10\/SAI-PMF-Picture3.jpg\" \/>\n\t<meta property=\"og:image:width\" content=\"1200\" \/>\n\t<meta property=\"og:image:height\" content=\"720\" \/>\n\t<meta property=\"og:image:type\" content=\"image\/jpeg\" \/>\n<meta name=\"twitter:card\" content=\"summary_large_image\" \/>\n<script type=\"application\/ld+json\" class=\"yoast-schema-graph\">{\"@context\":\"https:\\\/\\\/schema.org\",\"@graph\":[{\"@type\":\"WebPage\",\"@id\":\"https:\\\/\\\/idi.no\\\/es\\\/news-and-events\\\/news\\\/de-estambul-al-impacto-la-idi-capacita-a-los-auditores-europeos-para-impulsar-el-cambio-a-traves-del-taller-de-formacion-avanzada-del-pmf-de-las-efs\\\/\",\"url\":\"https:\\\/\\\/idi.no\\\/es\\\/news-and-events\\\/news\\\/de-estambul-al-impacto-la-idi-capacita-a-los-auditores-europeos-para-impulsar-el-cambio-a-traves-del-taller-de-formacion-avanzada-del-pmf-de-las-efs\\\/\",\"name\":\"De Estambul al Impacto: La IDI capacita a los auditores europeos para impulsar el cambio a trav\u00e9s del Taller de Formaci\u00f3n Avanzada del PMF de las EFS - IDI\",\"isPartOf\":{\"@id\":\"https:\\\/\\\/idi.no\\\/es\\\/#website\"},\"primaryImageOfPage\":{\"@id\":\"https:\\\/\\\/idi.no\\\/es\\\/news-and-events\\\/news\\\/de-estambul-al-impacto-la-idi-capacita-a-los-auditores-europeos-para-impulsar-el-cambio-a-traves-del-taller-de-formacion-avanzada-del-pmf-de-las-efs\\\/#primaryimage\"},\"image\":{\"@id\":\"https:\\\/\\\/idi.no\\\/es\\\/news-and-events\\\/news\\\/de-estambul-al-impacto-la-idi-capacita-a-los-auditores-europeos-para-impulsar-el-cambio-a-traves-del-taller-de-formacion-avanzada-del-pmf-de-las-efs\\\/#primaryimage\"},\"thumbnailUrl\":\"https:\\\/\\\/idi.no\\\/wp-content\\\/uploads\\\/2025\\\/10\\\/SAI-PMF-Picture3.jpg\",\"datePublished\":\"2025-06-24T00:28:00+00:00\",\"dateModified\":\"2026-01-21T10:45:36+00:00\",\"breadcrumb\":{\"@id\":\"https:\\\/\\\/idi.no\\\/es\\\/news-and-events\\\/news\\\/de-estambul-al-impacto-la-idi-capacita-a-los-auditores-europeos-para-impulsar-el-cambio-a-traves-del-taller-de-formacion-avanzada-del-pmf-de-las-efs\\\/#breadcrumb\"},\"inLanguage\":\"es\",\"potentialAction\":[{\"@type\":\"ReadAction\",\"target\":[\"https:\\\/\\\/idi.no\\\/es\\\/news-and-events\\\/news\\\/de-estambul-al-impacto-la-idi-capacita-a-los-auditores-europeos-para-impulsar-el-cambio-a-traves-del-taller-de-formacion-avanzada-del-pmf-de-las-efs\\\/\"]}]},{\"@type\":\"ImageObject\",\"inLanguage\":\"es\",\"@id\":\"https:\\\/\\\/idi.no\\\/es\\\/news-and-events\\\/news\\\/de-estambul-al-impacto-la-idi-capacita-a-los-auditores-europeos-para-impulsar-el-cambio-a-traves-del-taller-de-formacion-avanzada-del-pmf-de-las-efs\\\/#primaryimage\",\"url\":\"https:\\\/\\\/idi.no\\\/wp-content\\\/uploads\\\/2025\\\/10\\\/SAI-PMF-Picture3.jpg\",\"contentUrl\":\"https:\\\/\\\/idi.no\\\/wp-content\\\/uploads\\\/2025\\\/10\\\/SAI-PMF-Picture3.jpg\",\"width\":1200,\"height\":720,\"caption\":\"SAI PMF\"},{\"@type\":\"BreadcrumbList\",\"@id\":\"https:\\\/\\\/idi.no\\\/es\\\/news-and-events\\\/news\\\/de-estambul-al-impacto-la-idi-capacita-a-los-auditores-europeos-para-impulsar-el-cambio-a-traves-del-taller-de-formacion-avanzada-del-pmf-de-las-efs\\\/#breadcrumb\",\"itemListElement\":[{\"@type\":\"ListItem\",\"position\":1,\"name\":\"Home\",\"item\":\"https:\\\/\\\/idi.no\\\/es\\\/\"},{\"@type\":\"ListItem\",\"position\":2,\"name\":\"De Estambul al Impacto: La IDI capacita a los auditores europeos para...\"}]},{\"@type\":\"WebSite\",\"@id\":\"https:\\\/\\\/idi.no\\\/es\\\/#website\",\"url\":\"https:\\\/\\\/idi.no\\\/es\\\/\",\"name\":\"IDI\",\"description\":\"\",\"potentialAction\":[{\"@type\":\"SearchAction\",\"target\":{\"@type\":\"EntryPoint\",\"urlTemplate\":\"https:\\\/\\\/idi.no\\\/es\\\/?s={search_term_string}\"},\"query-input\":{\"@type\":\"PropertyValueSpecification\",\"valueRequired\":true,\"valueName\":\"search_term_string\"}}],\"inLanguage\":\"es\"}]}<\/script>\n<!-- \/ Yoast SEO plugin. -->","yoast_head_json":{"title":"De Estambul al Impacto: La IDI capacita a los auditores europeos para impulsar el cambio a trav\u00e9s del Taller de Formaci\u00f3n Avanzada del PMF de las EFS - IDI","robots":{"index":"index","follow":"follow","max-snippet":"max-snippet:-1","max-image-preview":"max-image-preview:large","max-video-preview":"max-video-preview:-1"},"canonical":"https:\/\/idi.no\/es\/news-and-events\/news\/de-estambul-al-impacto-la-idi-capacita-a-los-auditores-europeos-para-impulsar-el-cambio-a-traves-del-taller-de-formacion-avanzada-del-pmf-de-las-efs\/","og_locale":"es_ES","og_type":"article","og_title":"De Estambul al Impacto: La IDI capacita a los auditores europeos para impulsar el cambio a trav\u00e9s del Taller de Formaci\u00f3n Avanzada del PMF de las EFS - IDI","og_url":"https:\/\/idi.no\/es\/news-and-events\/news\/de-estambul-al-impacto-la-idi-capacita-a-los-auditores-europeos-para-impulsar-el-cambio-a-traves-del-taller-de-formacion-avanzada-del-pmf-de-las-efs\/","og_site_name":"IDI","article_modified_time":"2026-01-21T10:45:36+00:00","og_image":[{"width":1200,"height":720,"url":"https:\/\/idi.no\/wp-content\/uploads\/2025\/10\/SAI-PMF-Picture3.jpg","type":"image\/jpeg"}],"twitter_card":"summary_large_image","schema":{"@context":"https:\/\/schema.org","@graph":[{"@type":"WebPage","@id":"https:\/\/idi.no\/es\/news-and-events\/news\/de-estambul-al-impacto-la-idi-capacita-a-los-auditores-europeos-para-impulsar-el-cambio-a-traves-del-taller-de-formacion-avanzada-del-pmf-de-las-efs\/","url":"https:\/\/idi.no\/es\/news-and-events\/news\/de-estambul-al-impacto-la-idi-capacita-a-los-auditores-europeos-para-impulsar-el-cambio-a-traves-del-taller-de-formacion-avanzada-del-pmf-de-las-efs\/","name":"De Estambul al Impacto: La IDI capacita a los auditores europeos para impulsar el cambio a trav\u00e9s del Taller de Formaci\u00f3n Avanzada del PMF de las EFS - IDI","isPartOf":{"@id":"https:\/\/idi.no\/es\/#website"},"primaryImageOfPage":{"@id":"https:\/\/idi.no\/es\/news-and-events\/news\/de-estambul-al-impacto-la-idi-capacita-a-los-auditores-europeos-para-impulsar-el-cambio-a-traves-del-taller-de-formacion-avanzada-del-pmf-de-las-efs\/#primaryimage"},"image":{"@id":"https:\/\/idi.no\/es\/news-and-events\/news\/de-estambul-al-impacto-la-idi-capacita-a-los-auditores-europeos-para-impulsar-el-cambio-a-traves-del-taller-de-formacion-avanzada-del-pmf-de-las-efs\/#primaryimage"},"thumbnailUrl":"https:\/\/idi.no\/wp-content\/uploads\/2025\/10\/SAI-PMF-Picture3.jpg","datePublished":"2025-06-24T00:28:00+00:00","dateModified":"2026-01-21T10:45:36+00:00","breadcrumb":{"@id":"https:\/\/idi.no\/es\/news-and-events\/news\/de-estambul-al-impacto-la-idi-capacita-a-los-auditores-europeos-para-impulsar-el-cambio-a-traves-del-taller-de-formacion-avanzada-del-pmf-de-las-efs\/#breadcrumb"},"inLanguage":"es","potentialAction":[{"@type":"ReadAction","target":["https:\/\/idi.no\/es\/news-and-events\/news\/de-estambul-al-impacto-la-idi-capacita-a-los-auditores-europeos-para-impulsar-el-cambio-a-traves-del-taller-de-formacion-avanzada-del-pmf-de-las-efs\/"]}]},{"@type":"ImageObject","inLanguage":"es","@id":"https:\/\/idi.no\/es\/news-and-events\/news\/de-estambul-al-impacto-la-idi-capacita-a-los-auditores-europeos-para-impulsar-el-cambio-a-traves-del-taller-de-formacion-avanzada-del-pmf-de-las-efs\/#primaryimage","url":"https:\/\/idi.no\/wp-content\/uploads\/2025\/10\/SAI-PMF-Picture3.jpg","contentUrl":"https:\/\/idi.no\/wp-content\/uploads\/2025\/10\/SAI-PMF-Picture3.jpg","width":1200,"height":720,"caption":"SAI PMF"},{"@type":"BreadcrumbList","@id":"https:\/\/idi.no\/es\/news-and-events\/news\/de-estambul-al-impacto-la-idi-capacita-a-los-auditores-europeos-para-impulsar-el-cambio-a-traves-del-taller-de-formacion-avanzada-del-pmf-de-las-efs\/#breadcrumb","itemListElement":[{"@type":"ListItem","position":1,"name":"Home","item":"https:\/\/idi.no\/es\/"},{"@type":"ListItem","position":2,"name":"De Estambul al Impacto: La IDI capacita a los auditores europeos para..."}]},{"@type":"WebSite","@id":"https:\/\/idi.no\/es\/#website","url":"https:\/\/idi.no\/es\/","name":"IDI","description":"","potentialAction":[{"@type":"SearchAction","target":{"@type":"EntryPoint","urlTemplate":"https:\/\/idi.no\/es\/?s={search_term_string}"},"query-input":{"@type":"PropertyValueSpecification","valueRequired":true,"valueName":"search_term_string"}}],"inLanguage":"es"}]}},"_links":{"self":[{"href":"https:\/\/idi.no\/es\/wp-json\/wp\/v2\/news\/34683","targetHints":{"allow":["GET"]}}],"collection":[{"href":"https:\/\/idi.no\/es\/wp-json\/wp\/v2\/news"}],"about":[{"href":"https:\/\/idi.no\/es\/wp-json\/wp\/v2\/types\/news"}],"version-history":[{"count":1,"href":"https:\/\/idi.no\/es\/wp-json\/wp\/v2\/news\/34683\/revisions"}],"predecessor-version":[{"id":34696,"href":"https:\/\/idi.no\/es\/wp-json\/wp\/v2\/news\/34683\/revisions\/34696"}],"wp:featuredmedia":[{"embeddable":true,"href":"https:\/\/idi.no\/es\/wp-json\/wp\/v2\/media\/34694"}],"wp:attachment":[{"href":"https:\/\/idi.no\/es\/wp-json\/wp\/v2\/media?parent=34683"}],"wp:term":[{"taxonomy":"content-type","embeddable":true,"href":"https:\/\/idi.no\/es\/wp-json\/wp\/v2\/content-type?post=34683"},{"taxonomy":"topic","embeddable":true,"href":"https:\/\/idi.no\/es\/wp-json\/wp\/v2\/topic?post=34683"},{"taxonomy":"initiative","embeddable":true,"href":"https:\/\/idi.no\/es\/wp-json\/wp\/v2\/initiative?post=34683"}],"curies":[{"name":"wp","href":"https:\/\/api.w.org\/{rel}","templated":true}]}}