{"id":34559,"date":"2025-05-27T17:41:00","date_gmt":"2025-05-27T17:41:00","guid":{"rendered":"https:\/\/idi.no\/news-and-events\/news\/un-nouveau-rapport-du-siram-met-en-evidence-les-pressions-croissantes-exercees-sur-lindependance-du-controleur-general-du-costa-rica\/"},"modified":"2026-01-21T10:44:59","modified_gmt":"2026-01-21T10:44:59","slug":"un-nouveau-rapport-du-siram-met-en-evidence-les-pressions-croissantes-exercees-sur-lindependance-du-controleur-general-du-costa-rica","status":"publish","type":"news","link":"https:\/\/idi.no\/fr\/news-and-events\/news\/un-nouveau-rapport-du-siram-met-en-evidence-les-pressions-croissantes-exercees-sur-lindependance-du-controleur-general-du-costa-rica\/","title":{"rendered":"Un nouveau rapport du SIRAM met en \u00e9vidence les pressions croissantes exerc\u00e9es sur l&rsquo;ind\u00e9pendance du contr\u00f4leur g\u00e9n\u00e9ral du Costa Rica"},"content":{"rendered":"\n<div  class=\"article-header-block   block-style-image-type--default\">\n\t<div class=\"article-header-block__container container\">\n\t\t\t\t<div class=\"article-header-block__breadcrumbs\">\n\t\t\t<span><span><a href=\"https:\/\/idi.no\/fr\/\">Home<\/a><\/span><\/span>\t\t\t<\/div>\n\t\t\t\t<div class=\"article-header-block__meta \">\n\t\t<div class=\"article-header-block__hero-content\">\n\n\t\t\t\t\t<div class=\"article-header-block__categories \">\n\t\t\t<span class=\"article-header-block__category\">News<\/span>\t\t\t<\/div>\n\t\t\t\t\t\t\t\t<h2 class=\"article-header-block__title \">\n\t\t\tUn nouveau rapport du SIRAM met en \u00e9vidence les pressions croissantes exerc\u00e9es sur l&rsquo;ind\u00e9pendance du contr\u00f4leur g\u00e9n\u00e9ral du Costa Rica<\/h2>\n\t\t\n\t\t\t\t\t<div class=\"article-header-block__date \">\n\t\t\t27\/05\/2025<\/div>\n\t\t\t\t<\/div>\n\t\t<div class=\"article-header-block__preview \">\n\t\t<img loading=\"lazy\" decoding=\"async\" width=\"1200\" height=\"720\" src=\"https:\/\/idi.no\/wp-content\/uploads\/2025\/10\/SIRAM-Report-1.jpg\" class=\"attachment-full size-full\" alt=\"Graphique sur les m\u00e9dias sociaux Publication du rapport du SIRAM Costa Rica\" srcset=\"https:\/\/idi.no\/wp-content\/uploads\/2025\/10\/SIRAM-Report-1.jpg 1200w, https:\/\/idi.no\/wp-content\/uploads\/2025\/10\/SIRAM-Report-1-300x180.jpg 300w, https:\/\/idi.no\/wp-content\/uploads\/2025\/10\/SIRAM-Report-1-1024x614.jpg 1024w, https:\/\/idi.no\/wp-content\/uploads\/2025\/10\/SIRAM-Report-1-768x461.jpg 768w\" sizes=\"auto, (max-width: 1200px) 100vw, 1200px\" \/>\t\t<\/div>\n\t<\/div>\n\t<\/div>\n<\/div>\n\n<div class=\"wp-block-columns alignfull is-layout-flex wp-container-core-columns-is-layout-28f84493 wp-block-columns-is-layout-flex\">\n<div class=\"wp-block-column is-layout-flow wp-block-column-is-layout-flow\">\n<div class=\"social-share-block\">\n  <span class=\"social-share-block__title\">Share<\/span>\n  <div class=\"social-share-block__icons\">\n    <div class=\"simplesocialbuttons simplesocial-round-icon simplesocialbuttons_inline simplesocialbuttons-align-left simplesocialbuttons-inline-no-animation\">\n<button class=\"simplesocial-fb-share\"  rel=\"nofollow\"  target=\"_blank\"  aria-label=\"Facebook Share\" data-href=\"https:\/\/www.facebook.com\/sharer\/sharer.php?u=https:\/\/idi.no\/fr\/news-and-events\/news\/un-nouveau-rapport-du-siram-met-en-evidence-les-pressions-croissantes-exercees-sur-lindependance-du-controleur-general-du-costa-rica\/\" onClick=\"javascript:window.open(this.dataset.href, '', 'menubar=no,toolbar=no,resizable=yes,scrollbars=yes,height=600,width=600');return false;\"><span class=\"simplesocialtxt\">Facebook <\/span> <\/button>\n<button class=\"simplesocial-twt-share\"  rel=\"nofollow\"  target=\"_blank\"  aria-label=\"Twitter Share\" data-href=\"https:\/\/twitter.com\/intent\/tweet?text=Un+nouveau+rapport+du+SIRAM+met+en+%C3%A9vidence+les+pressions+croissantes+exerc%C3%A9es+sur+l%E2%80%99ind%C3%A9pendance+du+contr%C3%B4leur+g%C3%A9n%C3%A9ral+du+Costa+Rica&#038;url=https:\/\/idi.no\/fr\/news-and-events\/news\/un-nouveau-rapport-du-siram-met-en-evidence-les-pressions-croissantes-exercees-sur-lindependance-du-controleur-general-du-costa-rica\/\" onClick=\"javascript:window.open(this.dataset.href, '', 'menubar=no,toolbar=no,resizable=yes,scrollbars=yes,height=600,width=600');return false;\"><span class=\"simplesocialtxt\">Twitter<\/span> <\/button>\n<button  rel=\"nofollow\"  target=\"_blank\"  class=\"simplesocial-linkedin-share\" aria-label=\"LinkedIn Share\" data-href=\"https:\/\/www.linkedin.com\/sharing\/share-offsite\/?url=https:\/\/idi.no\/fr\/news-and-events\/news\/un-nouveau-rapport-du-siram-met-en-evidence-les-pressions-croissantes-exercees-sur-lindependance-du-controleur-general-du-costa-rica\/\" onClick=\"javascript:window.open(this.dataset.href, '', 'menubar=no,toolbar=no,resizable=yes,scrollbars=yes,height=600,width=600');return false;\"><span class=\"simplesocialtxt\">LinkedIn<\/span><\/button>\n<button onClick=\"javascript:window.location.href = this.dataset.href;return false;\" class=\"simplesocial-email-share\" aria-label=\"Share through Email\"  rel=\"nofollow\"  target=\"_blank\"   data-href=\"mailto:?subject=Un nouveau rapport du SIRAM met en %C3%A9vidence les pressions croissantes exerc%C3%A9es sur l%E2%80%99ind%C3%A9pendance du contr%C3%B4leur g%C3%A9n%C3%A9ral du Costa Rica&#038;body=https:\/\/idi.no\/fr\/news-and-events\/news\/un-nouveau-rapport-du-siram-met-en-evidence-les-pressions-croissantes-exercees-sur-lindependance-du-controleur-general-du-costa-rica\/\"><span class=\"simplesocialtxt\">Email<\/span><\/button>\n<button class=\"simplesocial-copy-link copy-share\"  rel=\"nofollow\"  target=\"_blank\"  aria-label=\"Copy Link\" data-href=\" https:\/\/idi.no\/fr\/news-and-events\/news\/un-nouveau-rapport-du-siram-met-en-evidence-les-pressions-croissantes-exercees-sur-lindependance-du-controleur-general-du-costa-rica\/\"  onClick=\"ssb_copy_share_link(this); return false;\"><span class=\"simplesocialtxt\">Copy<\/span><span class=\"ssb_tooltip\">Copied<\/span> <\/button>\n<\/div>\n  <\/div>\n<\/div><\/div>\n\n\n\n<div class=\"wp-block-column is-layout-flow wp-block-column-is-layout-flow\">\r\n<div  class=\"text-only-block text-only-block__white-background text-only-block__text-only\"> <!-- Removed undefined $style (before: echoed $style) -->\r\n    <div class=\"text-only-block__container container\">\r\n                    <div class=\"text-only-block__content\">\r\n                                                                    <div class=\"text-only-block__description\"><p><strong><em>R\u00e9sum\u00e9 disponible de cet article en espagnol \u00e0 la fin de la page.<\/em><\/strong><\/p>\n<p>Les institutions sup\u00e9rieures de contr\u00f4le (ISC) sont des piliers essentiels de la gouvernance d\u00e9mocratique. Elles servent le public en contr\u00f4lant la mani\u00e8re dont les gouvernements utilisent les ressources, en garantissant la transparence et en assurant l&rsquo;obligation de rendre compte. Cependant, lorsque les ISC sont confront\u00e9es \u00e0 des interf\u00e9rences politiques ou juridiques, leur capacit\u00e9 \u00e0 agir dans l&rsquo;int\u00e9r\u00eat public peut \u00eatre s\u00e9rieusement compromise.  <\/p>\n<p>Dans un rapport <em>d&rsquo;\u00e9valuation sur les all\u00e9gations d&rsquo;atteinte \u00e0 l&rsquo;ind\u00e9pendance du Bureau du Contr\u00f4leur g\u00e9n\u00e9ral du Costa Rica, <\/em>r\u00e9cemment publi\u00e9, l&rsquo;Initiative de d\u00e9veloppement de l&rsquo;INTOSAI (IDI) souligne les pr\u00e9occupations croissantes concernant l&rsquo;ind\u00e9pendance de l&rsquo;ISC du Costa Rica, le Bureau du Contr\u00f4leur g\u00e9n\u00e9ral (CGR). Ce rapport suit l&rsquo;approche standardis\u00e9e du M\u00e9canisme de plaidoyer rapide pour l&rsquo;ind\u00e9pendance des ISC (SIRAM) de l&rsquo;IDI &#8211; un outil con\u00e7u pour r\u00e9pondre de mani\u00e8re proactive aux menaces contre l&rsquo;ind\u00e9pendance des ISC, en utilisant des r\u00e9f\u00e9rences internationales telles que la D\u00e9claration de Mexico de l&rsquo;INTOSAI sur l&rsquo;ind\u00e9pendance des ISC. <\/p>\n<h3 role=\"heading\" data-uw-rm-heading=\"level\"><strong>Constatations fond\u00e9es sur des donn\u00e9es probantes<\/strong><\/h3>\n<p>Le rapport pr\u00e9sente une \u00e9valuation approfondie, bas\u00e9e sur des preuves, des menaces juridiques et pratiques qui p\u00e8sent sur la capacit\u00e9 de la CGR \u00e0 remplir son mandat. Il met en \u00e9vidence deux domaines cl\u00e9s de pr\u00e9occupation : <\/p>\n<ol>\n<li> <strong> Ing\u00e9rence du pouvoir ex\u00e9cutif<\/strong><br \/>\nLe rapport constate que les d\u00e9clarations publiques et les actions de la pr\u00e9sidence de la R\u00e9publique du Costa Rica ont sap\u00e9 l&rsquo;autorit\u00e9 de la CGR. Il s&rsquo;agit notamment de critiques directes \u00e0 la suite des conclusions de la CGR sur des projets nationaux de premier plan tels que l&rsquo;initiative Ciudad Gobierno et un syst\u00e8me d&rsquo;inspection douani\u00e8re non intrusif. L&rsquo;ex\u00e9cutif a accus\u00e9 la CGR d&rsquo;interpr\u00e9tations arbitraires et d&rsquo;obstruction aux projets de d\u00e9veloppement, s&rsquo;inqui\u00e9tant des pressions politiques.  <\/li>\n<li><strong>Tentatives l\u00e9gislatives visant \u00e0 limiter les pouvoirs de contr\u00f4le<\/strong><br \/>\nLe rapport met \u00e9galement en lumi\u00e8re les r\u00e9centes propositions l\u00e9gislatives &#8211; en particulier celles qui rel\u00e8vent de la \u00ab\u00a0Loi Jaguar pour le d\u00e9veloppement du Costa Rica\u00a0\u00bb &#8211; qui visent \u00e0 restreindre les pouvoirs de la CGR.<\/li>\n<\/ol>\n<p>Bien que certaines de ces propositions aient \u00e9t\u00e9 retir\u00e9es ou d\u00e9clar\u00e9es inconstitutionnelles, les initiatives l\u00e9gislatives en cours continuent de poser un risque. L&rsquo;IDI a recueilli des preuves montrant que ces r\u00e9formes semblent incoh\u00e9rentes et menacent d&rsquo;affaiblir le fondement juridique et la port\u00e9e op\u00e9rationnelle de la CGR. <\/p>\n<h3><strong>Identification des menaces pesant sur le principe 3 de la d\u00e9claration de Mexico<\/strong><\/h3>\n<p>Ces deux formes d&rsquo;ing\u00e9rence &#8211; ex\u00e9cutive et l\u00e9gislative &#8211; constituent des violations et des menaces correspondantes au principe 3 de la D\u00e9claration de Mexico, qui stipule que les ISC doivent \u00eatre libres de toute influence ext\u00e9rieure dans l&rsquo;exercice de leur mandat de contr\u00f4le.<\/p>\n<p>Si rien n&rsquo;est fait, ces d\u00e9veloppements pourraient affaiblir le syst\u00e8me de surveillance des finances publiques du Costa Rica, diminuant ainsi les contr\u00f4les et les \u00e9quilibres institutionnels \u00e0 une \u00e9poque o\u00f9 le monde entier s&rsquo;inqui\u00e8te de plus en plus du recul de la d\u00e9mocratie.<\/p>\n<h3><strong>Recommandations et voie \u00e0 suivre  <\/strong><\/h3>\n<p>Le rapport recommande ce qui suit :<br \/>\n&#8211; Le pouvoir ex\u00e9cutif cesse toute ing\u00e9rence publique et op\u00e9rationnelle dans les travaux d&rsquo;audit de la CGR.<br \/>\n&#8211; Toute r\u00e9forme l\u00e9gislative affectant le RGC doit \u00eatre \u00e9labor\u00e9e dans le cadre de processus ouverts, inclusifs et participatifs impliquant l&rsquo;ISC et d&rsquo;autres parties prenantes cl\u00e9s<br \/>\n&#8211; Les r\u00e9formes devraient s&rsquo;aligner sur les bonnes pratiques et les normes internationales, en particulier celles d\u00e9finies par la communaut\u00e9 de l&rsquo;INTOSAI.<\/p>\n<p>Ces mesures sont essentielles pour pr\u00e9server l&rsquo;ind\u00e9pendance du CGR et renforcer ainsi la confiance dans les institutions de responsabilit\u00e9 et les processus d\u00e9mocratiques du Costa Rica.<\/p>\n<h3><strong>Pourquoi l&rsquo;ind\u00e9pendance des ISC est-elle importante pour un contr\u00f4le efficace ?<\/strong><\/h3>\n<p>Ce rapport fait partie de l&rsquo;approche unique SIRAM de l&rsquo;IDI, qui comprend des outils de plaidoyer et d&rsquo;\u00e9valuation pour une diffusion plus large. Cet effort vise \u00e0 garantir que les ISC restent des observateurs ind\u00e9pendants des finances publiques, en particulier dans les contextes o\u00f9 les institutions sont attaqu\u00e9es. Alors que les institutions de contr\u00f4le du monde entier sont confront\u00e9es \u00e0 une pression croissante, le SIRAM constitue un moyen essentiel de tirer la sonnette d&rsquo;alarme, d&rsquo;\u00e9valuer les menaces et de recommander des solutions r\u00e9alisables.  <\/p>\n<p>En publiant ce rapport, l&rsquo;IDI invite la communaut\u00e9 internationale \u00e0 prendre ces pr\u00e9occupations au s\u00e9rieux et \u00e0 continuer \u00e0 soutenir les institutions de contr\u00f4le qui d\u00e9fendent la transparence et la responsabilit\u00e9.<\/p>\n<p><a href=\"https:\/\/idi.no\/wp-content\/uploads\/2025\/11\/SIRAM-REPORT-COSTA-RICA-ENGLISH-VERSION.pdf\" data-uw-rm-brl=\"PR\" data-uw-original-href=\"\/elibrary\/independent-sais\/2171-siram-report-costa-rica-english-version\/file\">Cliquez ici pour lire le rapport complet du SIRAM sur le Costa Rica<\/a> en anglais.<br \/>\n<a href=\"https:\/\/idi.no\/wp-content\/uploads\/2026\/01\/INFORME-SIRAM-COSTA-ESPANOL.pdf\" data-uw-rm-brl=\"PR\" data-uw-original-href=\"\/elibrary\/independent-sais\/2172-informe-siram-costa-rica-espanol\/file\">Cliquez ici pour lire l&rsquo;Informe SIRAM complet sur le Costa Rica<\/a> en espa\u00f1ol<\/p>\n<p><a href=\"https:\/\/www.idi.no\/work-streams\/independent-sais\/siram\" data-uw-rm-brl=\"PR\" data-uw-original-href=\"https:\/\/www.idi.no\/work-streams\/independent-sais\/siram\">En savoir plus sur le m\u00e9canisme SIRAM de l&rsquo;IDI et l&rsquo;ind\u00e9pendance des ISC<\/a><\/p>\n<h3><strong>Resumen en espa\u00f1ol :  <\/strong><\/h3>\n<p>Le nouveau rapport du SIRAM r\u00e9v\u00e8le des pr\u00e9somptions cr\u00e9dibles sur l&rsquo;ind\u00e9pendance de la Contralor\u00eda General du Costa Rica.<\/p>\n<p>L&rsquo;information r\u00e9cemment publi\u00e9e par l&rsquo;IDI \u00e9value les risques pour l&rsquo;ind\u00e9pendance de la Contralor\u00eda General de la Rep\u00fablica (CGR) au Costa Rica. Utilisant le m\u00e9canisme de d\u00e9fense rapide de l&rsquo;ind\u00e9pendance des EFS (SIRAM), l&rsquo;avis identifie deux pr\u00e9occupations principales : l&rsquo;interf\u00e9rence du pouvoir ex\u00e9cutif dans les accusations port\u00e9es par les citoyens contre la CGR et les obstacles au travail de contr\u00f4le, ainsi que les propositions l\u00e9gislatives visant \u00e0 affaiblir le cadre juridique de la CGR. <\/p>\n<p>Ces deux situations constituent des infractions et des menaces, respectivement, au principe 3 de la d\u00e9claration de Mexico de l&rsquo;INTOSAI, qui garantit que les entit\u00e9s fiscales sup\u00e9rieures (EFS) agissent sans influence ext\u00e9rieure. L&rsquo;avis recommande que le Conseil ex\u00e9cutif renonce \u00e0 l&rsquo;ing\u00e9rence dans l&rsquo;EFS du Costa Rica et que toute r\u00e9forme de son cadre juridique soit mise en \u0153uvre dans le cadre d&rsquo;un processus inclusif qui respecte les principes internationaux d&rsquo;ind\u00e9pendance. <\/p>\n<p>Ce rapport est un appel \u00e0 renforcer les institutions de contr\u00f4le dans un contexte de pression croissante sur la d\u00e9mocratie et la diffusion des informations dans le monde entier.<\/p>\n<\/div>\r\n                                \r\n                <!-- New: Wrap all buttons in __button-list for consistency with working block -->\r\n                <div class=\"text-only-block__button-list\">\r\n                    \r\n                                    <\/div>\r\n            <\/div>\r\n        \r\n        \r\n        \r\n            <\/div>\r\n<\/div><\/div>\n\n\n\n<div class=\"wp-block-column is-layout-flow wp-block-column-is-layout-flow\">\n<div  class=\"pdf-attachment-block \">\n    <div class=\"pdf-attachment-block__preview aspect-ratio-tall \">\n                    <img loading=\"lazy\" decoding=\"async\" width=\"210\" height=\"300\" src=\"https:\/\/idi.no\/wp-content\/uploads\/2025\/11\/SIRAM-Costa-Rica-2025-Cover-page-210x300.jpg\" class=\"attachment-medium size-medium\" alt=\"\" srcset=\"https:\/\/idi.no\/wp-content\/uploads\/2025\/11\/SIRAM-Costa-Rica-2025-Cover-page-210x300.jpg 210w, https:\/\/idi.no\/wp-content\/uploads\/2025\/11\/SIRAM-Costa-Rica-2025-Cover-page.jpg 586w\" sizes=\"auto, (max-width: 210px) 100vw, 210px\" \/>            <\/div>\n\n                    <a \thref=\"https:\/\/idi.no\/wp-content\/uploads\/2025\/11\/SIRAM-REPORT-COSTA-RICA-ENGLISH-VERSION.pdf\" \n            class=\"pdf-attachment-block__full-card-link\"\n            data-uw-ignore-s3\n            download\n        ><\/a>\n    <div class=\"pdf-attachment-block__content \">\n        <div class=\"pdf-attachment-block__info \">\n            <a href=\"https:\/\/idi.no\/wp-content\/uploads\/2025\/11\/SIRAM-REPORT-COSTA-RICA-ENGLISH-VERSION.pdf\" \n               class=\"pdf-attachment-block__title \"\n               download=\"SIRAM-REPORT-COSTA-RICA-ENGLISH-VERSION.pdf\">\n                Rapport SIRAM Costa Rica            <\/a>\n        <\/div>\n\n        <a href=\"https:\/\/idi.no\/wp-content\/uploads\/2025\/11\/SIRAM-REPORT-COSTA-RICA-ENGLISH-VERSION.pdf\" \n           class=\"pdf-attachment-block__download-button \" \n           download=\"SIRAM-REPORT-COSTA-RICA-ENGLISH-VERSION.pdf\">\n            <span class=\"pdf-attachment-block__download-button-text \">Download                <span class=\"pdf-attachment-block__download-button-arrow \">\u2193<\/span>\n            <\/span>\n        <\/a>\n    <\/div>\n    <\/div>\n\n\n\n<div  class=\"pdf-attachment-block \">\n    <div class=\"pdf-attachment-block__preview aspect-ratio-tall \">\n                    <img loading=\"lazy\" decoding=\"async\" width=\"213\" height=\"300\" src=\"https:\/\/idi.no\/wp-content\/uploads\/2026\/01\/SIRAM-Report-Costa-Rica-Cover-page-Spanish-213x300.jpg\" class=\"attachment-medium size-medium\" alt=\"\" srcset=\"https:\/\/idi.no\/wp-content\/uploads\/2026\/01\/SIRAM-Report-Costa-Rica-Cover-page-Spanish-213x300.jpg 213w, https:\/\/idi.no\/wp-content\/uploads\/2026\/01\/SIRAM-Report-Costa-Rica-Cover-page-Spanish.jpg 601w\" sizes=\"auto, (max-width: 213px) 100vw, 213px\" \/>            <\/div>\n\n                    <a \thref=\"https:\/\/idi.no\/wp-content\/uploads\/2026\/01\/INFORME-SIRAM-COSTA-ESPANOL.pdf\" \n            class=\"pdf-attachment-block__full-card-link\"\n            data-uw-ignore-s3\n            download\n        ><\/a>\n    <div class=\"pdf-attachment-block__content \">\n        <div class=\"pdf-attachment-block__info \">\n            <a href=\"https:\/\/idi.no\/wp-content\/uploads\/2026\/01\/INFORME-SIRAM-COSTA-ESPANOL.pdf\" \n               class=\"pdf-attachment-block__title \"\n               download=\"INFORME-SIRAM-COSTA-ESPANOL.pdf\">\n                Rapport SIRAM Costa Rica en espagnol            <\/a>\n        <\/div>\n\n        <a href=\"https:\/\/idi.no\/wp-content\/uploads\/2026\/01\/INFORME-SIRAM-COSTA-ESPANOL.pdf\" \n           class=\"pdf-attachment-block__download-button \" \n           download=\"INFORME-SIRAM-COSTA-ESPANOL.pdf\">\n            <span class=\"pdf-attachment-block__download-button-text \">Download                <span class=\"pdf-attachment-block__download-button-arrow \">\u2193<\/span>\n            <\/span>\n        <\/a>\n    <\/div>\n    <\/div>\n<\/div>\n<\/div>\n\n<div  class=\"initiatives-topics-block \">\n  <div class=\"initiatives-topics-block__container container\">\n    <div class=\"initiatives-topics-block__initiatives initiatives-topics-block__column \">\n      <h3>Initiative<\/h3>\n      <div class=\"initiatives-topics-block__terms \">\n        <span class=\"initiatives-topics-block__terms_term \">SIRAM \u2013 SAI Independence Rapid Advocacy Mechanism<\/span>      <\/div>\n    <\/div>\n\n    <div class=\"initiatives-topics-block__topics initiatives-topics-block__column \">\n      <h3>Topics<\/h3>\n      <div class=\"initiatives-topics-block__terms \">\n        <span class=\"initiatives-topics-block__terms_term \">Independence<\/span>      <\/div>\n    <\/div>\n  <\/div>\n<\/div>    <div         class=\"event-news-grid-block block-background-color--white\">\n        <div class=\"event-news-grid-block__container container\">\n            <h2 class=\"event-news-grid-block__label\">Actualit\u00e9s r\u00e9centes<\/h2>\n            <div class=\"event-news-grid-block__grid\">\n                    <div class=\"news-card\">\r\n        <a  href=\"https:\/\/idi.no\/fr\/news-and-events\/news\/un-nouveau-chapitre-commence-lisc-douzbekistan-adhere-a-linitiative-mondiale-sur-la-responsabilite-des-isc-gsai-2\/\"\r\n            class=\"news-card__full-card-link\"\r\n            data-uw-ignore-s3\r\n        ><\/a>\r\n                    <img decoding=\"async\" src=\"https:\/\/idi.no\/wp-content\/uploads\/2026\/04\/CASAI-Press-release-cover.png\" alt=\"Un nouveau chapitre commence : L&rsquo;ISC d&rsquo;Ouzb\u00e9kistan adh\u00e8re \u00e0 l&rsquo;Initiative mondiale sur la responsabilit\u00e9 des ISC (GSAI)\" class=\"news-card__image\">\r\n                            <div class=\"news-card__categories\"><a href=\"https:\/\/idi.no\/fr\/news\/\">News<\/a><\/div>\r\n                            <div class=\"news-card__date\">22\/04\/2026<\/div>\r\n                            <h6 class=\"news-card__title\">Un nouveau chapitre commence : L&rsquo;ISC d&rsquo;Ouzb\u00e9kistan adh\u00e8re \u00e0 l&rsquo;Initiative mondiale sur la responsabilit\u00e9 des ISC (GSAI)<\/h6>\r\n                        <a href=\"https:\/\/idi.no\/fr\/news-and-events\/news\/un-nouveau-chapitre-commence-lisc-douzbekistan-adhere-a-linitiative-mondiale-sur-la-responsabilite-des-isc-gsai-2\/\" class=\"news-card__link\">Read more<\/a>\r\n    <\/div>\r\n        <div class=\"news-card\">\r\n        <a  href=\"https:\/\/idi.no\/fr\/news-and-events\/news\/lidi-et-le-controleur-et-verificateur-general-de-linde-sengagent-dans-une-vision-commune-pour-lavenir-2\/\"\r\n            class=\"news-card__full-card-link\"\r\n            data-uw-ignore-s3\r\n        ><\/a>\r\n                    <img decoding=\"async\" src=\"https:\/\/idi.no\/wp-content\/uploads\/2026\/04\/IMG_8372.jpeg\" alt=\"L&rsquo;IDI et le contr\u00f4leur et v\u00e9rificateur g\u00e9n\u00e9ral de l&rsquo;Inde s&rsquo;engagent dans une vision commune pour l&rsquo;avenir\" class=\"news-card__image\">\r\n                            <div class=\"news-card__categories\"><a href=\"https:\/\/idi.no\/fr\/news\/\">News<\/a><\/div>\r\n                            <div class=\"news-card__date\">13\/04\/2026<\/div>\r\n                            <h6 class=\"news-card__title\">L&rsquo;IDI et le contr\u00f4leur et v\u00e9rificateur g\u00e9n\u00e9ral de l&rsquo;Inde s&rsquo;engagent dans une vision commune pour l&rsquo;avenir<\/h6>\r\n                        <a href=\"https:\/\/idi.no\/fr\/news-and-events\/news\/lidi-et-le-controleur-et-verificateur-general-de-linde-sengagent-dans-une-vision-commune-pour-lavenir-2\/\" class=\"news-card__link\">Read more<\/a>\r\n    <\/div>\r\n        <div class=\"news-card\">\r\n        <a  href=\"https:\/\/idi.no\/fr\/news-and-events\/news\/lidi-et-le-controleur-et-verificateur-general-de-linde-sengagent-dans-une-vision-commune-pour-lavenir\/\"\r\n            class=\"news-card__full-card-link\"\r\n            data-uw-ignore-s3\r\n        ><\/a>\r\n                    <img decoding=\"async\" src=\"https:\/\/idi.no\/wp-content\/uploads\/2026\/03\/Press-release-1200-x-720px.png\" alt=\"L&rsquo;IDI et le contr\u00f4leur et v\u00e9rificateur g\u00e9n\u00e9ral de l&rsquo;Inde s&rsquo;engagent dans une vision commune pour l&rsquo;avenir\" class=\"news-card__image\">\r\n                            <div class=\"news-card__categories\"><a href=\"https:\/\/idi.no\/fr\/news\/\">News<\/a><\/div>\r\n                            <div class=\"news-card__date\">24\/03\/2026<\/div>\r\n                            <h6 class=\"news-card__title\">L&rsquo;IDI et le contr\u00f4leur et v\u00e9rificateur g\u00e9n\u00e9ral de l&rsquo;Inde s&rsquo;engagent dans une vision commune pour l&rsquo;avenir<\/h6>\r\n                        <a href=\"https:\/\/idi.no\/fr\/news-and-events\/news\/lidi-et-le-controleur-et-verificateur-general-de-linde-sengagent-dans-une-vision-commune-pour-lavenir\/\" class=\"news-card__link\">Read more<\/a>\r\n    <\/div>\r\n        <div class=\"news-card\">\r\n        <a  href=\"https:\/\/idi.no\/fr\/news-and-events\/news\/la-direction-des-institutions-superieures-de-controle-reflechit-aux-progres-accomplis-dans-la-mise-en-place-de-pratiques-daudit-de-performance-durables-en-mettant-laccent-sur-la-qualite-et-limp-2\/\"\r\n            class=\"news-card__full-card-link\"\r\n            data-uw-ignore-s3\r\n        ><\/a>\r\n                    <img decoding=\"async\" src=\"https:\/\/idi.no\/wp-content\/uploads\/2026\/03\/Official.jpg\" alt=\"La direction des institutions sup\u00e9rieures de contr\u00f4le r\u00e9fl\u00e9chit aux progr\u00e8s accomplis dans la mise en place de pratiques d&rsquo;audit de performance durables, en mettant l&rsquo;accent sur la qualit\u00e9 et l&rsquo;impact de l&rsquo;audit\" class=\"news-card__image\">\r\n                            <div class=\"news-card__categories\"><a href=\"https:\/\/idi.no\/fr\/news\/\">News<\/a><\/div>\r\n                            <div class=\"news-card__date\">17\/03\/2026<\/div>\r\n                            <h6 class=\"news-card__title\">La direction des institutions sup\u00e9rieures de contr\u00f4le r\u00e9fl\u00e9chit aux progr\u00e8s accomplis dans la mise en place de pratiques d&rsquo;audit de performance durables, en mettant l&rsquo;accent sur la qualit\u00e9 et l&rsquo;impact de l&rsquo;audit<\/h6>\r\n                        <a href=\"https:\/\/idi.no\/fr\/news-and-events\/news\/la-direction-des-institutions-superieures-de-controle-reflechit-aux-progres-accomplis-dans-la-mise-en-place-de-pratiques-daudit-de-performance-durables-en-mettant-laccent-sur-la-qualite-et-limp-2\/\" class=\"news-card__link\">Read more<\/a>\r\n    <\/div>\r\n                <\/div>\n                            <div class=\"event-news-grid-block__footer block-footer\">\n                                        <a  href=\"\/news-events\/news\/\" \n                        class=\"button button--primary\"\n                                            >\n                        See more                    <\/a>\n                <\/div>\n                    <\/div>\n    <\/div>\n","protected":false},"excerpt":{"rendered":"","protected":false},"featured_media":34562,"template":"","content-type":[14],"topic":[20],"initiative":[241],"class_list":["post-34559","news","type-news","status-publish","has-post-thumbnail","hentry","content-type-news","topic-independence","initiative-siram"],"acf":[],"yoast_head":"<!-- This site is optimized with the Yoast SEO plugin v27.4 - https:\/\/yoast.com\/product\/yoast-seo-wordpress\/ -->\n<title>Un nouveau rapport du SIRAM met en \u00e9vidence les pressions croissantes exerc\u00e9es sur l&#039;ind\u00e9pendance du contr\u00f4leur g\u00e9n\u00e9ral du Costa Rica - IDI<\/title>\n<meta name=\"robots\" content=\"index, follow, max-snippet:-1, max-image-preview:large, max-video-preview:-1\" \/>\n<link rel=\"canonical\" href=\"https:\/\/idi.no\/fr\/news-and-events\/news\/un-nouveau-rapport-du-siram-met-en-evidence-les-pressions-croissantes-exercees-sur-lindependance-du-controleur-general-du-costa-rica\/\" \/>\n<meta property=\"og:locale\" content=\"fr_FR\" \/>\n<meta property=\"og:type\" content=\"article\" \/>\n<meta property=\"og:title\" content=\"Un nouveau rapport du SIRAM met en \u00e9vidence les pressions croissantes exerc\u00e9es sur l&#039;ind\u00e9pendance du contr\u00f4leur g\u00e9n\u00e9ral du Costa Rica - IDI\" \/>\n<meta property=\"og:url\" content=\"https:\/\/idi.no\/fr\/news-and-events\/news\/un-nouveau-rapport-du-siram-met-en-evidence-les-pressions-croissantes-exercees-sur-lindependance-du-controleur-general-du-costa-rica\/\" \/>\n<meta property=\"og:site_name\" content=\"IDI\" \/>\n<meta property=\"article:modified_time\" content=\"2026-01-21T10:44:59+00:00\" \/>\n<meta property=\"og:image\" content=\"https:\/\/idi.no\/wp-content\/uploads\/2025\/10\/SIRAM-Report-1.jpg\" \/>\n\t<meta property=\"og:image:width\" content=\"1200\" \/>\n\t<meta property=\"og:image:height\" content=\"720\" \/>\n\t<meta property=\"og:image:type\" content=\"image\/jpeg\" \/>\n<meta name=\"twitter:card\" content=\"summary_large_image\" \/>\n<script type=\"application\/ld+json\" class=\"yoast-schema-graph\">{\"@context\":\"https:\\\/\\\/schema.org\",\"@graph\":[{\"@type\":\"WebPage\",\"@id\":\"https:\\\/\\\/idi.no\\\/fr\\\/news-and-events\\\/news\\\/un-nouveau-rapport-du-siram-met-en-evidence-les-pressions-croissantes-exercees-sur-lindependance-du-controleur-general-du-costa-rica\\\/\",\"url\":\"https:\\\/\\\/idi.no\\\/fr\\\/news-and-events\\\/news\\\/un-nouveau-rapport-du-siram-met-en-evidence-les-pressions-croissantes-exercees-sur-lindependance-du-controleur-general-du-costa-rica\\\/\",\"name\":\"Un nouveau rapport du SIRAM met en \u00e9vidence les pressions croissantes exerc\u00e9es sur l'ind\u00e9pendance du contr\u00f4leur g\u00e9n\u00e9ral du Costa Rica - IDI\",\"isPartOf\":{\"@id\":\"https:\\\/\\\/idi.no\\\/fr\\\/#website\"},\"primaryImageOfPage\":{\"@id\":\"https:\\\/\\\/idi.no\\\/fr\\\/news-and-events\\\/news\\\/un-nouveau-rapport-du-siram-met-en-evidence-les-pressions-croissantes-exercees-sur-lindependance-du-controleur-general-du-costa-rica\\\/#primaryimage\"},\"image\":{\"@id\":\"https:\\\/\\\/idi.no\\\/fr\\\/news-and-events\\\/news\\\/un-nouveau-rapport-du-siram-met-en-evidence-les-pressions-croissantes-exercees-sur-lindependance-du-controleur-general-du-costa-rica\\\/#primaryimage\"},\"thumbnailUrl\":\"https:\\\/\\\/idi.no\\\/wp-content\\\/uploads\\\/2025\\\/10\\\/SIRAM-Report-1.jpg\",\"datePublished\":\"2025-05-27T17:41:00+00:00\",\"dateModified\":\"2026-01-21T10:44:59+00:00\",\"breadcrumb\":{\"@id\":\"https:\\\/\\\/idi.no\\\/fr\\\/news-and-events\\\/news\\\/un-nouveau-rapport-du-siram-met-en-evidence-les-pressions-croissantes-exercees-sur-lindependance-du-controleur-general-du-costa-rica\\\/#breadcrumb\"},\"inLanguage\":\"fr-FR\",\"potentialAction\":[{\"@type\":\"ReadAction\",\"target\":[\"https:\\\/\\\/idi.no\\\/fr\\\/news-and-events\\\/news\\\/un-nouveau-rapport-du-siram-met-en-evidence-les-pressions-croissantes-exercees-sur-lindependance-du-controleur-general-du-costa-rica\\\/\"]}]},{\"@type\":\"ImageObject\",\"inLanguage\":\"fr-FR\",\"@id\":\"https:\\\/\\\/idi.no\\\/fr\\\/news-and-events\\\/news\\\/un-nouveau-rapport-du-siram-met-en-evidence-les-pressions-croissantes-exercees-sur-lindependance-du-controleur-general-du-costa-rica\\\/#primaryimage\",\"url\":\"https:\\\/\\\/idi.no\\\/wp-content\\\/uploads\\\/2025\\\/10\\\/SIRAM-Report-1.jpg\",\"contentUrl\":\"https:\\\/\\\/idi.no\\\/wp-content\\\/uploads\\\/2025\\\/10\\\/SIRAM-Report-1.jpg\",\"width\":1200,\"height\":720,\"caption\":\"Graphique sur les m\u00e9dias sociaux Publication du rapport du SIRAM Costa Rica\"},{\"@type\":\"BreadcrumbList\",\"@id\":\"https:\\\/\\\/idi.no\\\/fr\\\/news-and-events\\\/news\\\/un-nouveau-rapport-du-siram-met-en-evidence-les-pressions-croissantes-exercees-sur-lindependance-du-controleur-general-du-costa-rica\\\/#breadcrumb\",\"itemListElement\":[{\"@type\":\"ListItem\",\"position\":1,\"name\":\"Home\",\"item\":\"https:\\\/\\\/idi.no\\\/fr\\\/\"},{\"@type\":\"ListItem\",\"position\":2,\"name\":\"Un nouveau rapport du SIRAM met en \u00e9vidence les pressions croissantes...\"}]},{\"@type\":\"WebSite\",\"@id\":\"https:\\\/\\\/idi.no\\\/fr\\\/#website\",\"url\":\"https:\\\/\\\/idi.no\\\/fr\\\/\",\"name\":\"IDI\",\"description\":\"\",\"potentialAction\":[{\"@type\":\"SearchAction\",\"target\":{\"@type\":\"EntryPoint\",\"urlTemplate\":\"https:\\\/\\\/idi.no\\\/fr\\\/?s={search_term_string}\"},\"query-input\":{\"@type\":\"PropertyValueSpecification\",\"valueRequired\":true,\"valueName\":\"search_term_string\"}}],\"inLanguage\":\"fr-FR\"}]}<\/script>\n<!-- \/ Yoast SEO plugin. -->","yoast_head_json":{"title":"Un nouveau rapport du SIRAM met en \u00e9vidence les pressions croissantes exerc\u00e9es sur l'ind\u00e9pendance du contr\u00f4leur g\u00e9n\u00e9ral du Costa Rica - IDI","robots":{"index":"index","follow":"follow","max-snippet":"max-snippet:-1","max-image-preview":"max-image-preview:large","max-video-preview":"max-video-preview:-1"},"canonical":"https:\/\/idi.no\/fr\/news-and-events\/news\/un-nouveau-rapport-du-siram-met-en-evidence-les-pressions-croissantes-exercees-sur-lindependance-du-controleur-general-du-costa-rica\/","og_locale":"fr_FR","og_type":"article","og_title":"Un nouveau rapport du SIRAM met en \u00e9vidence les pressions croissantes exerc\u00e9es sur l'ind\u00e9pendance du contr\u00f4leur g\u00e9n\u00e9ral du Costa Rica - IDI","og_url":"https:\/\/idi.no\/fr\/news-and-events\/news\/un-nouveau-rapport-du-siram-met-en-evidence-les-pressions-croissantes-exercees-sur-lindependance-du-controleur-general-du-costa-rica\/","og_site_name":"IDI","article_modified_time":"2026-01-21T10:44:59+00:00","og_image":[{"width":1200,"height":720,"url":"https:\/\/idi.no\/wp-content\/uploads\/2025\/10\/SIRAM-Report-1.jpg","type":"image\/jpeg"}],"twitter_card":"summary_large_image","schema":{"@context":"https:\/\/schema.org","@graph":[{"@type":"WebPage","@id":"https:\/\/idi.no\/fr\/news-and-events\/news\/un-nouveau-rapport-du-siram-met-en-evidence-les-pressions-croissantes-exercees-sur-lindependance-du-controleur-general-du-costa-rica\/","url":"https:\/\/idi.no\/fr\/news-and-events\/news\/un-nouveau-rapport-du-siram-met-en-evidence-les-pressions-croissantes-exercees-sur-lindependance-du-controleur-general-du-costa-rica\/","name":"Un nouveau rapport du SIRAM met en \u00e9vidence les pressions croissantes exerc\u00e9es sur l'ind\u00e9pendance du contr\u00f4leur g\u00e9n\u00e9ral du Costa Rica - IDI","isPartOf":{"@id":"https:\/\/idi.no\/fr\/#website"},"primaryImageOfPage":{"@id":"https:\/\/idi.no\/fr\/news-and-events\/news\/un-nouveau-rapport-du-siram-met-en-evidence-les-pressions-croissantes-exercees-sur-lindependance-du-controleur-general-du-costa-rica\/#primaryimage"},"image":{"@id":"https:\/\/idi.no\/fr\/news-and-events\/news\/un-nouveau-rapport-du-siram-met-en-evidence-les-pressions-croissantes-exercees-sur-lindependance-du-controleur-general-du-costa-rica\/#primaryimage"},"thumbnailUrl":"https:\/\/idi.no\/wp-content\/uploads\/2025\/10\/SIRAM-Report-1.jpg","datePublished":"2025-05-27T17:41:00+00:00","dateModified":"2026-01-21T10:44:59+00:00","breadcrumb":{"@id":"https:\/\/idi.no\/fr\/news-and-events\/news\/un-nouveau-rapport-du-siram-met-en-evidence-les-pressions-croissantes-exercees-sur-lindependance-du-controleur-general-du-costa-rica\/#breadcrumb"},"inLanguage":"fr-FR","potentialAction":[{"@type":"ReadAction","target":["https:\/\/idi.no\/fr\/news-and-events\/news\/un-nouveau-rapport-du-siram-met-en-evidence-les-pressions-croissantes-exercees-sur-lindependance-du-controleur-general-du-costa-rica\/"]}]},{"@type":"ImageObject","inLanguage":"fr-FR","@id":"https:\/\/idi.no\/fr\/news-and-events\/news\/un-nouveau-rapport-du-siram-met-en-evidence-les-pressions-croissantes-exercees-sur-lindependance-du-controleur-general-du-costa-rica\/#primaryimage","url":"https:\/\/idi.no\/wp-content\/uploads\/2025\/10\/SIRAM-Report-1.jpg","contentUrl":"https:\/\/idi.no\/wp-content\/uploads\/2025\/10\/SIRAM-Report-1.jpg","width":1200,"height":720,"caption":"Graphique sur les m\u00e9dias sociaux Publication du rapport du SIRAM Costa Rica"},{"@type":"BreadcrumbList","@id":"https:\/\/idi.no\/fr\/news-and-events\/news\/un-nouveau-rapport-du-siram-met-en-evidence-les-pressions-croissantes-exercees-sur-lindependance-du-controleur-general-du-costa-rica\/#breadcrumb","itemListElement":[{"@type":"ListItem","position":1,"name":"Home","item":"https:\/\/idi.no\/fr\/"},{"@type":"ListItem","position":2,"name":"Un nouveau rapport du SIRAM met en \u00e9vidence les pressions croissantes..."}]},{"@type":"WebSite","@id":"https:\/\/idi.no\/fr\/#website","url":"https:\/\/idi.no\/fr\/","name":"IDI","description":"","potentialAction":[{"@type":"SearchAction","target":{"@type":"EntryPoint","urlTemplate":"https:\/\/idi.no\/fr\/?s={search_term_string}"},"query-input":{"@type":"PropertyValueSpecification","valueRequired":true,"valueName":"search_term_string"}}],"inLanguage":"fr-FR"}]}},"_links":{"self":[{"href":"https:\/\/idi.no\/fr\/wp-json\/wp\/v2\/news\/34559","targetHints":{"allow":["GET"]}}],"collection":[{"href":"https:\/\/idi.no\/fr\/wp-json\/wp\/v2\/news"}],"about":[{"href":"https:\/\/idi.no\/fr\/wp-json\/wp\/v2\/types\/news"}],"version-history":[{"count":3,"href":"https:\/\/idi.no\/fr\/wp-json\/wp\/v2\/news\/34559\/revisions"}],"predecessor-version":[{"id":34569,"href":"https:\/\/idi.no\/fr\/wp-json\/wp\/v2\/news\/34559\/revisions\/34569"}],"wp:featuredmedia":[{"embeddable":true,"href":"https:\/\/idi.no\/fr\/wp-json\/wp\/v2\/media\/34562"}],"wp:attachment":[{"href":"https:\/\/idi.no\/fr\/wp-json\/wp\/v2\/media?parent=34559"}],"wp:term":[{"taxonomy":"content-type","embeddable":true,"href":"https:\/\/idi.no\/fr\/wp-json\/wp\/v2\/content-type?post=34559"},{"taxonomy":"topic","embeddable":true,"href":"https:\/\/idi.no\/fr\/wp-json\/wp\/v2\/topic?post=34559"},{"taxonomy":"initiative","embeddable":true,"href":"https:\/\/idi.no\/fr\/wp-json\/wp\/v2\/initiative?post=34559"}],"curies":[{"name":"wp","href":"https:\/\/api.w.org\/{rel}","templated":true}]}}