{"id":34663,"date":"2025-06-24T00:28:00","date_gmt":"2025-06-24T00:28:00","guid":{"rendered":"https:\/\/idi.no\/news-and-events\/news\/distanbul-a-limpact-lidi-donne-aux-auditeurs-europeens-les-moyens-de-conduire-le-changement-grace-a-latelier-de-formation-avancee-sai-pmf\/"},"modified":"2026-01-21T10:45:34","modified_gmt":"2026-01-21T10:45:34","slug":"distanbul-a-limpact-lidi-donne-aux-auditeurs-europeens-les-moyens-de-conduire-le-changement-grace-a-latelier-de-formation-avancee-sai-pmf","status":"publish","type":"news","link":"https:\/\/idi.no\/fr\/news-and-events\/news\/distanbul-a-limpact-lidi-donne-aux-auditeurs-europeens-les-moyens-de-conduire-le-changement-grace-a-latelier-de-formation-avancee-sai-pmf\/","title":{"rendered":"D&rsquo;Istanbul \u00e0 l&rsquo;impact : L&rsquo;IDI donne aux auditeurs europ\u00e9ens les moyens de conduire le changement gr\u00e2ce \u00e0 l&rsquo;atelier de formation avanc\u00e9e SAI PMF"},"content":{"rendered":"\n<div  class=\"article-header-block   block-style-image-type--default\">\n\t<div class=\"article-header-block__container container\">\n\t\t\t\t<div class=\"article-header-block__breadcrumbs\">\n\t\t\t<span><span><a href=\"https:\/\/idi.no\/fr\/\">Home<\/a><\/span><\/span>\t\t\t<\/div>\n\t\t\t\t<div class=\"article-header-block__meta \">\n\t\t<div class=\"article-header-block__hero-content\">\n\n\t\t\t\t\t<div class=\"article-header-block__categories \">\n\t\t\t<span class=\"article-header-block__category\">News<\/span>\t\t\t<\/div>\n\t\t\t\t\t\t\t\t<h2 class=\"article-header-block__title \">\n\t\t\tD&rsquo;Istanbul \u00e0 l&rsquo;impact : L&rsquo;IDI donne aux auditeurs europ\u00e9ens les moyens de conduire le changement gr\u00e2ce \u00e0 l&rsquo;atelier de formation avanc\u00e9e SAI PMF<\/h2>\n\t\t\n\t\t\t\t\t<div class=\"article-header-block__date \">\n\t\t\t24\/06\/2025<\/div>\n\t\t\t\t<\/div>\n\t\t<div class=\"article-header-block__preview \">\n\t\t<img loading=\"lazy\" decoding=\"async\" width=\"1200\" height=\"720\" src=\"https:\/\/idi.no\/wp-content\/uploads\/2025\/10\/SAI-PMF-Picture3.jpg\" class=\"attachment-full size-full\" alt=\"SAI PMF\" srcset=\"https:\/\/idi.no\/wp-content\/uploads\/2025\/10\/SAI-PMF-Picture3.jpg 1200w, https:\/\/idi.no\/wp-content\/uploads\/2025\/10\/SAI-PMF-Picture3-300x180.jpg 300w, https:\/\/idi.no\/wp-content\/uploads\/2025\/10\/SAI-PMF-Picture3-1024x614.jpg 1024w, https:\/\/idi.no\/wp-content\/uploads\/2025\/10\/SAI-PMF-Picture3-768x461.jpg 768w\" sizes=\"auto, (max-width: 1200px) 100vw, 1200px\" \/>\t\t<\/div>\n\t<\/div>\n\t<\/div>\n<\/div>\n\n<div class=\"wp-block-columns alignfull is-layout-flex wp-container-core-columns-is-layout-28f84493 wp-block-columns-is-layout-flex\">\n<div class=\"wp-block-column is-layout-flow wp-block-column-is-layout-flow\">\n<div class=\"social-share-block\">\n  <span class=\"social-share-block__title\">Share<\/span>\n  <div class=\"social-share-block__icons\">\n    <div class=\"simplesocialbuttons simplesocial-round-icon simplesocialbuttons_inline simplesocialbuttons-align-left simplesocialbuttons-inline-no-animation\">\n<button class=\"simplesocial-fb-share\"  rel=\"nofollow\"  target=\"_blank\"  aria-label=\"Facebook Share\" data-href=\"https:\/\/www.facebook.com\/sharer\/sharer.php?u=https:\/\/idi.no\/fr\/news-and-events\/news\/distanbul-a-limpact-lidi-donne-aux-auditeurs-europeens-les-moyens-de-conduire-le-changement-grace-a-latelier-de-formation-avancee-sai-pmf\/\" onClick=\"javascript:window.open(this.dataset.href, '', 'menubar=no,toolbar=no,resizable=yes,scrollbars=yes,height=600,width=600');return false;\"><span class=\"simplesocialtxt\">Facebook <\/span> <\/button>\n<button class=\"simplesocial-twt-share\"  rel=\"nofollow\"  target=\"_blank\"  aria-label=\"Twitter Share\" data-href=\"https:\/\/twitter.com\/intent\/tweet?text=D%E2%80%99Istanbul+%C3%A0+l%E2%80%99impact+%3A+L%E2%80%99IDI+donne+aux+auditeurs+europ%C3%A9ens+les+moyens+de+conduire+le+changement+gr%C3%A2ce+%C3%A0+l%E2%80%99atelier+de+formation+avanc%C3%A9e+SAI+PMF&#038;url=https:\/\/idi.no\/fr\/news-and-events\/news\/distanbul-a-limpact-lidi-donne-aux-auditeurs-europeens-les-moyens-de-conduire-le-changement-grace-a-latelier-de-formation-avancee-sai-pmf\/\" onClick=\"javascript:window.open(this.dataset.href, '', 'menubar=no,toolbar=no,resizable=yes,scrollbars=yes,height=600,width=600');return false;\"><span class=\"simplesocialtxt\">Twitter<\/span> <\/button>\n<button  rel=\"nofollow\"  target=\"_blank\"  class=\"simplesocial-linkedin-share\" aria-label=\"LinkedIn Share\" data-href=\"https:\/\/www.linkedin.com\/sharing\/share-offsite\/?url=https:\/\/idi.no\/fr\/news-and-events\/news\/distanbul-a-limpact-lidi-donne-aux-auditeurs-europeens-les-moyens-de-conduire-le-changement-grace-a-latelier-de-formation-avancee-sai-pmf\/\" onClick=\"javascript:window.open(this.dataset.href, '', 'menubar=no,toolbar=no,resizable=yes,scrollbars=yes,height=600,width=600');return false;\"><span class=\"simplesocialtxt\">LinkedIn<\/span><\/button>\n<button onClick=\"javascript:window.location.href = this.dataset.href;return false;\" class=\"simplesocial-email-share\" aria-label=\"Share through Email\"  rel=\"nofollow\"  target=\"_blank\"   data-href=\"mailto:?subject=D%E2%80%99Istanbul %C3%A0 l%E2%80%99impact %3A L%E2%80%99IDI donne aux auditeurs europ%C3%A9ens les moyens de conduire le changement gr%C3%A2ce %C3%A0 l%E2%80%99atelier de formation avanc%C3%A9e SAI PMF&#038;body=https:\/\/idi.no\/fr\/news-and-events\/news\/distanbul-a-limpact-lidi-donne-aux-auditeurs-europeens-les-moyens-de-conduire-le-changement-grace-a-latelier-de-formation-avancee-sai-pmf\/\"><span class=\"simplesocialtxt\">Email<\/span><\/button>\n<button class=\"simplesocial-copy-link copy-share\"  rel=\"nofollow\"  target=\"_blank\"  aria-label=\"Copy Link\" data-href=\" https:\/\/idi.no\/fr\/news-and-events\/news\/distanbul-a-limpact-lidi-donne-aux-auditeurs-europeens-les-moyens-de-conduire-le-changement-grace-a-latelier-de-formation-avancee-sai-pmf\/\"  onClick=\"ssb_copy_share_link(this); return false;\"><span class=\"simplesocialtxt\">Copy<\/span><span class=\"ssb_tooltip\">Copied<\/span> <\/button>\n<\/div>\n  <\/div>\n<\/div><\/div>\n\n\n\n<div class=\"wp-block-column is-layout-flow wp-block-column-is-layout-flow\">\r\n<div  class=\"text-only-block text-only-block__text-only\"> <!-- Removed undefined $style (before: echoed $style) -->\r\n    <div class=\"text-only-block__container container\">\r\n                    <div class=\"text-only-block__content\">\r\n                                                                    <div class=\"text-only-block__description\"><p>Du 2 au 6 juin 2025, le personnel des institutions sup\u00e9rieures de contr\u00f4le (ISC) de 14 pays de l&rsquo;Organisation europ\u00e9enne des institutions sup\u00e9rieures de contr\u00f4le des finances publiques (EUROSAI), ainsi que deux participants de l&rsquo;Organisation africaine des institutions sup\u00e9rieures de contr\u00f4le des finances publiques de langue anglaise (AFROSAI-E), se sont r\u00e9unis pour renforcer leurs connaissances et leurs comp\u00e9tences dans l&rsquo;application du Cadre de mesure de la performance des ISC (CMR ISC). Il s&rsquo;agissait d&rsquo;un atelier de formation avanc\u00e9e sur le CMR des ISC organis\u00e9 par l&rsquo;Initiative de d\u00e9veloppement de l&rsquo;INTOSAI (IDI) &#8211; le troisi\u00e8me de ce type au niveau mondial, apr\u00e8s les sessions r\u00e9ussies dans les r\u00e9gions de l&rsquo;ARABOSAI et de l&rsquo;ASOSAI. <\/p>\n<p>Le CMR de l&rsquo;ISC est un outil puissant. Il permet aux ISC d&rsquo;\u00e9valuer leurs forces et leurs faiblesses de mani\u00e8re structur\u00e9e et factuelle. En identifiant les domaines d&rsquo;excellence et ceux qui doivent \u00eatre am\u00e9lior\u00e9s, le cadre offre une feuille de route pour une r\u00e9forme institutionnelle significative. Mais son impact s&rsquo;\u00e9tend au-del\u00e0 des murs des bureaux d&rsquo;audit pour soutenir une utilisation plus transparente des ressources publiques et assurer l&rsquo;alignement sur les priorit\u00e9s nationales.   <\/p>\n<p><img loading=\"lazy\" decoding=\"async\" class=\"alignnone size-full wp-image-15493\" src=\"https:\/\/idi.no\/wp-content\/uploads\/2025\/10\/SAI_PMF_Picture2.jpg\" alt=\"Atelier d'Istanbul\" width=\"1364\" height=\"951\" srcset=\"https:\/\/idi.no\/wp-content\/uploads\/2025\/10\/SAI_PMF_Picture2.jpg 1364w, https:\/\/idi.no\/wp-content\/uploads\/2025\/10\/SAI_PMF_Picture2-300x209.jpg 300w, https:\/\/idi.no\/wp-content\/uploads\/2025\/10\/SAI_PMF_Picture2-1024x714.jpg 1024w, https:\/\/idi.no\/wp-content\/uploads\/2025\/10\/SAI_PMF_Picture2-768x535.jpg 768w\" sizes=\"auto, (max-width: 1364px) 100vw, 1364px\" \/><\/p>\n<p>L&rsquo;atelier d&rsquo;Istanbul a \u00e9t\u00e9 con\u00e7u pour cr\u00e9er un effet d&rsquo;entra\u00eenement. Au fur et \u00e0 mesure que le personnel des ISC acquiert une expertise dans l&rsquo;utilisation du cadre, il devient un champion local qui peut guider ses institutions et ses pairs vers un changement positif. Ils contribuent \u00e9galement au d\u00e9veloppement d&rsquo;un r\u00e9seau mondial d&rsquo;examinateurs ind\u00e9pendants, des professionnels qui peuvent fournir une assurance qualit\u00e9 impartiale lorsque les ISC proc\u00e8dent \u00e0 des auto-\u00e9valuations en utilisant le CMR de l&rsquo;ISC.  <\/p>\n<h3 role=\"heading\" data-uw-rm-heading=\"level\">Formation, apprentissage et partage des connaissances<\/h3>\n<p>Tout au long de la semaine, les participants ont partag\u00e9 leurs exp\u00e9riences dans leur pays d&rsquo;origine, offrant ainsi un contexte r\u00e9el et de l&rsquo;inspiration. Certains avaient r\u00e9cemment termin\u00e9 l&rsquo;\u00e9valuation du CMR de l&rsquo;ISC, tandis que d&rsquo;autres s&rsquo;appr\u00eataient \u00e0 la commencer. Ce m\u00e9lange de niveaux d&rsquo;exp\u00e9rience a permis d&rsquo;approfondir les discussions et de favoriser l&rsquo;apprentissage mutuel.  <\/p>\n<p>Au cours de cet atelier de cinq jours, Brighton Nyanga, directeur de l&rsquo;IDI et sp\u00e9cialiste du CMR des ISC, a guid\u00e9 les participants tout au long du cycle de vie d&rsquo;une \u00e9valuation du CMR des ISC, depuis la planification et la notation jusqu&rsquo;\u00e0 l&rsquo;analyse, la r\u00e9daction de rapports et la publication ou le partage des r\u00e9sultats. La formation a \u00e9quilibr\u00e9 la th\u00e9orie avec des exercices pratiques et a inclus des sessions sur les nouveaux d\u00e9veloppements tels que les \u00e9valuations r\u00e9p\u00e9t\u00e9es, la gestion de la qualit\u00e9 et la fa\u00e7on dont les ISC peuvent utiliser le cadre pour le suivi de la performance. <\/p>\n<p>La discussion a \u00e9galement mis en lumi\u00e8re la r\u00e9vision en cours du CMR de l&rsquo;ISC lui-m\u00eame, qui devrait \u00eatre adopt\u00e9 lors du prochain Congr\u00e8s de l&rsquo;INTOSAI en septembre 2025. Pour de nombreuses ISC, ces changements rendront le cadre encore plus pertinent pour les d\u00e9fis actuels en mati\u00e8re de gouvernance et refl\u00e9teront les le\u00e7ons tir\u00e9es depuis son lancement en d\u00e9cembre 2016. <\/p>\n<p><img loading=\"lazy\" decoding=\"async\" class=\"alignnone wp-image-15494\" src=\"https:\/\/idi.no\/wp-content\/uploads\/2025\/10\/SAI_PMF_f_3.jpg\" alt=\"\" width=\"250\" height=\"185\" srcset=\"https:\/\/idi.no\/wp-content\/uploads\/2025\/10\/SAI_PMF_f_3.jpg 1325w, https:\/\/idi.no\/wp-content\/uploads\/2025\/10\/SAI_PMF_f_3-300x222.jpg 300w, https:\/\/idi.no\/wp-content\/uploads\/2025\/10\/SAI_PMF_f_3-1024x757.jpg 1024w, https:\/\/idi.no\/wp-content\/uploads\/2025\/10\/SAI_PMF_f_3-768x567.jpg 768w\" sizes=\"auto, (max-width: 250px) 100vw, 250px\" \/> <img loading=\"lazy\" decoding=\"async\" class=\"alignnone wp-image-15495\" src=\"https:\/\/idi.no\/wp-content\/uploads\/2025\/10\/SAI_PMF_f_4.jpg\" alt=\"\" width=\"250\" height=\"185\" srcset=\"https:\/\/idi.no\/wp-content\/uploads\/2025\/10\/SAI_PMF_f_4.jpg 1325w, https:\/\/idi.no\/wp-content\/uploads\/2025\/10\/SAI_PMF_f_4-300x222.jpg 300w, https:\/\/idi.no\/wp-content\/uploads\/2025\/10\/SAI_PMF_f_4-1024x757.jpg 1024w, https:\/\/idi.no\/wp-content\/uploads\/2025\/10\/SAI_PMF_f_4-768x567.jpg 768w\" sizes=\"auto, (max-width: 250px) 100vw, 250px\" \/> <img loading=\"lazy\" decoding=\"async\" class=\"alignnone wp-image-15496\" src=\"https:\/\/idi.no\/wp-content\/uploads\/2025\/10\/SAI_PMF_f_6.jpg\" alt=\"\" width=\"250\" height=\"185\" srcset=\"https:\/\/idi.no\/wp-content\/uploads\/2025\/10\/SAI_PMF_f_6.jpg 1325w, https:\/\/idi.no\/wp-content\/uploads\/2025\/10\/SAI_PMF_f_6-300x222.jpg 300w, https:\/\/idi.no\/wp-content\/uploads\/2025\/10\/SAI_PMF_f_6-1024x757.jpg 1024w, https:\/\/idi.no\/wp-content\/uploads\/2025\/10\/SAI_PMF_f_6-768x567.jpg 768w\" sizes=\"auto, (max-width: 250px) 100vw, 250px\" \/><\/p>\n<h3>Le renforcement du cadre n\u00e9cessite un engagement r\u00e9gional plus large<\/h3>\n<p>La formation d&rsquo;Istanbul s&rsquo;inscrit dans le cadre des efforts plus larges de l&rsquo;IDI visant \u00e0 promouvoir une utilisation plus coh\u00e9rente et plus efficace du CMR de l&rsquo;ISC au niveau r\u00e9gional. Cette initiative est au c\u0153ur de la strat\u00e9gie globale de mise en \u0153uvre de l&rsquo;IDI pour 2023-2028, qui met l&rsquo;accent sur l&rsquo;utilisation durable et \u00e0 long terme du cadre dans toutes les r\u00e9gions de l&rsquo;INTOSAI. En renfor\u00e7ant la capacit\u00e9 technique du personnel des ISC par le biais d&rsquo;une formation cibl\u00e9e, l&rsquo;IDI vise \u00e0 favoriser une compr\u00e9hension plus approfondie du cadre et \u00e0 permettre aux ISC de mener leurs propres \u00e9valuations en toute confiance.  <\/p>\n<p><img loading=\"lazy\" decoding=\"async\" class=\"alignnone wp-image-15504\" src=\"https:\/\/idi.no\/wp-content\/uploads\/2025\/10\/SAI_PMF_Istambul-5.jpg\" alt=\"\" width=\"250\" height=\"185\" srcset=\"https:\/\/idi.no\/wp-content\/uploads\/2025\/10\/SAI_PMF_Istambul-5.jpg 1325w, https:\/\/idi.no\/wp-content\/uploads\/2025\/10\/SAI_PMF_Istambul-5-300x222.jpg 300w, https:\/\/idi.no\/wp-content\/uploads\/2025\/10\/SAI_PMF_Istambul-5-1024x757.jpg 1024w, https:\/\/idi.no\/wp-content\/uploads\/2025\/10\/SAI_PMF_Istambul-5-768x567.jpg 768w\" sizes=\"auto, (max-width: 250px) 100vw, 250px\" \/> <img loading=\"lazy\" decoding=\"async\" class=\"alignnone wp-image-15505\" src=\"https:\/\/idi.no\/wp-content\/uploads\/2025\/10\/Untitled_design-7.jpg\" alt=\"\" width=\"250\" height=\"185\" srcset=\"https:\/\/idi.no\/wp-content\/uploads\/2025\/10\/Untitled_design-7.jpg 1325w, https:\/\/idi.no\/wp-content\/uploads\/2025\/10\/Untitled_design-7-300x222.jpg 300w, https:\/\/idi.no\/wp-content\/uploads\/2025\/10\/Untitled_design-7-1024x757.jpg 1024w, https:\/\/idi.no\/wp-content\/uploads\/2025\/10\/Untitled_design-7-768x567.jpg 768w\" sizes=\"auto, (max-width: 250px) 100vw, 250px\" \/> <img loading=\"lazy\" decoding=\"async\" class=\"alignnone wp-image-15506\" src=\"https:\/\/idi.no\/wp-content\/uploads\/2025\/10\/Untitled_design-8.jpg\" alt=\"\" width=\"250\" height=\"185\" srcset=\"https:\/\/idi.no\/wp-content\/uploads\/2025\/10\/Untitled_design-8.jpg 1325w, https:\/\/idi.no\/wp-content\/uploads\/2025\/10\/Untitled_design-8-300x222.jpg 300w, https:\/\/idi.no\/wp-content\/uploads\/2025\/10\/Untitled_design-8-1024x757.jpg 1024w, https:\/\/idi.no\/wp-content\/uploads\/2025\/10\/Untitled_design-8-768x567.jpg 768w\" sizes=\"auto, (max-width: 250px) 100vw, 250px\" \/><\/p>\n<p>Cette approche r\u00e9gionale contribue \u00e0 renforcer les r\u00e9seaux de soutien entre pairs, o\u00f9 des praticiens exp\u00e9riment\u00e9s peuvent guider et encadrer d&rsquo;autres personnes dans l&rsquo;application du cadre. Une telle collaboration ne renforce pas seulement l&rsquo;apprentissage, mais contribue \u00e9galement \u00e0 une communaut\u00e9 de pratique croissante autour de la mise en \u0153uvre du CMR de l&rsquo;ISC. <\/p>\n<p>A l&rsquo;avenir, l&rsquo;IDI a l&rsquo;intention d&rsquo;organiser des ateliers similaires dans les autres r\u00e9gions de l&rsquo;INTOSAI, afin de s&rsquo;assurer qu&rsquo;aucune r\u00e9gion n&rsquo;est laiss\u00e9e pour compte dans l&rsquo;effort global visant \u00e0 d\u00e9velopper des institutions sup\u00e9rieures de contr\u00f4le plus fortes, plus ind\u00e9pendantes, plus cr\u00e9dibles et plus durables.<\/p>\n<h3>Une base pour une transparence et une responsabilit\u00e9 accrues<\/h3>\n<p>Lorsque les ISC sont en mesure d&rsquo;\u00e9valuer leurs performances avec confiance et cr\u00e9dibilit\u00e9, elles sont mieux plac\u00e9es pour contr\u00f4ler les fonds publics, identifier les inefficacit\u00e9s et recommander des am\u00e9liorations significatives. Cela renforce la transparence et la responsabilit\u00e9 des institutions publiques et contribue \u00e0 garantir que les ressources sont utilis\u00e9es de mani\u00e8re \u00e0 servir les citoyens et \u00e0 respecter les priorit\u00e9s nationales. <\/p>\n<p>En permettant aux ISC de mieux se comprendre et de s&rsquo;am\u00e9liorer, le CMR ISC contribue \u00e0 une transformation plus large du secteur public. L&rsquo;atelier d&rsquo;Istanbul a marqu\u00e9 une \u00e9tape importante dans ce processus en cours, qui pourrait d\u00e9boucher sur des pratiques d&rsquo;audit plus solides, un contr\u00f4le plus efficace et, en fin de compte, une gouvernance plus responsable. <\/p>\n<p><strong> <\/strong>En tant que derni\u00e8re formation d&rsquo;une s\u00e9rie globale men\u00e9e par l&rsquo;IDI, l&rsquo;atelier a non seulement permis d&rsquo;approfondir les connaissances techniques, mais aussi de construire un r\u00e9seau de professionnels engag\u00e9s au sein de l&rsquo;EUROSAI, pr\u00eats \u00e0 soutenir l&rsquo;apprentissage par les pairs et la r\u00e9forme institutionnelle.<\/p>\n<p>Pour en savoir plus sur cette initiative, consultez la <a href=\"https:\/\/idi.no\/our-work\/initiative\/sai-pmf\/\" target=\"_blank\" rel=\"noopener\" data-uw-rm-brl=\"PR\" data-uw-original-href=\"\/work-streams\/well-governed-sais\/sai-pmf\">page PMF de l&rsquo;ISC<\/a>.<\/p>\n<\/div>\r\n                                \r\n                <!-- New: Wrap all buttons in __button-list for consistency with working block -->\r\n                <div class=\"text-only-block__button-list\">\r\n                    \r\n                                    <\/div>\r\n            <\/div>\r\n        \r\n        \r\n        \r\n            <\/div>\r\n<\/div><\/div>\n\n\n\n<div class=\"wp-block-column is-layout-flow wp-block-column-is-layout-flow\"><\/div>\n<\/div>\n\n<div  class=\"initiatives-topics-block \">\n  <div class=\"initiatives-topics-block__container container\">\n    <div class=\"initiatives-topics-block__initiatives initiatives-topics-block__column \">\n      <h3>Initiative<\/h3>\n      <div class=\"initiatives-topics-block__terms \">\n        <span class=\"initiatives-topics-block__terms_term \">SAI PMF \u2013 SAI Performance Measurement Framework<\/span>      <\/div>\n    <\/div>\n\n    <div class=\"initiatives-topics-block__topics initiatives-topics-block__column \">\n      <h3>Topics<\/h3>\n      <div class=\"initiatives-topics-block__terms \">\n        <span class=\"initiatives-topics-block__terms_term \">Governance<\/span>      <\/div>\n    <\/div>\n  <\/div>\n<\/div>    <div         class=\"event-news-grid-block block-background-color--white\">\n        <div class=\"event-news-grid-block__container container\">\n            <h2 class=\"event-news-grid-block__label\">Actualit\u00e9s r\u00e9centes<\/h2>\n            <div class=\"event-news-grid-block__grid\">\n                    <div class=\"news-card\">\r\n        <a  href=\"https:\/\/idi.no\/fr\/news-and-events\/news\/un-nouveau-chapitre-commence-lisc-douzbekistan-adhere-a-linitiative-mondiale-sur-la-responsabilite-des-isc-gsai-2\/\"\r\n            class=\"news-card__full-card-link\"\r\n            data-uw-ignore-s3\r\n        ><\/a>\r\n                    <img decoding=\"async\" src=\"https:\/\/idi.no\/wp-content\/uploads\/2026\/04\/CASAI-Press-release-cover.png\" alt=\"Un nouveau chapitre commence : L&rsquo;ISC d&rsquo;Ouzb\u00e9kistan adh\u00e8re \u00e0 l&rsquo;Initiative mondiale sur la responsabilit\u00e9 des ISC (GSAI)\" class=\"news-card__image\">\r\n                            <div class=\"news-card__categories\"><a href=\"https:\/\/idi.no\/fr\/news\/\">News<\/a><\/div>\r\n                            <div class=\"news-card__date\">22\/04\/2026<\/div>\r\n                            <h6 class=\"news-card__title\">Un nouveau chapitre commence : L&rsquo;ISC d&rsquo;Ouzb\u00e9kistan adh\u00e8re \u00e0 l&rsquo;Initiative mondiale sur la responsabilit\u00e9 des ISC (GSAI)<\/h6>\r\n                        <a href=\"https:\/\/idi.no\/fr\/news-and-events\/news\/un-nouveau-chapitre-commence-lisc-douzbekistan-adhere-a-linitiative-mondiale-sur-la-responsabilite-des-isc-gsai-2\/\" class=\"news-card__link\">Read more<\/a>\r\n    <\/div>\r\n        <div class=\"news-card\">\r\n        <a  href=\"https:\/\/idi.no\/fr\/news-and-events\/news\/lidi-et-le-controleur-et-verificateur-general-de-linde-sengagent-dans-une-vision-commune-pour-lavenir-2\/\"\r\n            class=\"news-card__full-card-link\"\r\n            data-uw-ignore-s3\r\n        ><\/a>\r\n                    <img decoding=\"async\" src=\"https:\/\/idi.no\/wp-content\/uploads\/2026\/04\/IMG_8372.jpeg\" alt=\"L&rsquo;IDI et le contr\u00f4leur et v\u00e9rificateur g\u00e9n\u00e9ral de l&rsquo;Inde s&rsquo;engagent dans une vision commune pour l&rsquo;avenir\" class=\"news-card__image\">\r\n                            <div class=\"news-card__categories\"><a href=\"https:\/\/idi.no\/fr\/news\/\">News<\/a><\/div>\r\n                            <div class=\"news-card__date\">13\/04\/2026<\/div>\r\n                            <h6 class=\"news-card__title\">L&rsquo;IDI et le contr\u00f4leur et v\u00e9rificateur g\u00e9n\u00e9ral de l&rsquo;Inde s&rsquo;engagent dans une vision commune pour l&rsquo;avenir<\/h6>\r\n                        <a href=\"https:\/\/idi.no\/fr\/news-and-events\/news\/lidi-et-le-controleur-et-verificateur-general-de-linde-sengagent-dans-une-vision-commune-pour-lavenir-2\/\" class=\"news-card__link\">Read more<\/a>\r\n    <\/div>\r\n        <div class=\"news-card\">\r\n        <a  href=\"https:\/\/idi.no\/fr\/news-and-events\/news\/lidi-et-le-controleur-et-verificateur-general-de-linde-sengagent-dans-une-vision-commune-pour-lavenir\/\"\r\n            class=\"news-card__full-card-link\"\r\n            data-uw-ignore-s3\r\n        ><\/a>\r\n                    <img decoding=\"async\" src=\"https:\/\/idi.no\/wp-content\/uploads\/2026\/03\/Press-release-1200-x-720px.png\" alt=\"L&rsquo;IDI et le contr\u00f4leur et v\u00e9rificateur g\u00e9n\u00e9ral de l&rsquo;Inde s&rsquo;engagent dans une vision commune pour l&rsquo;avenir\" class=\"news-card__image\">\r\n                            <div class=\"news-card__categories\"><a href=\"https:\/\/idi.no\/fr\/news\/\">News<\/a><\/div>\r\n                            <div class=\"news-card__date\">24\/03\/2026<\/div>\r\n                            <h6 class=\"news-card__title\">L&rsquo;IDI et le contr\u00f4leur et v\u00e9rificateur g\u00e9n\u00e9ral de l&rsquo;Inde s&rsquo;engagent dans une vision commune pour l&rsquo;avenir<\/h6>\r\n                        <a href=\"https:\/\/idi.no\/fr\/news-and-events\/news\/lidi-et-le-controleur-et-verificateur-general-de-linde-sengagent-dans-une-vision-commune-pour-lavenir\/\" class=\"news-card__link\">Read more<\/a>\r\n    <\/div>\r\n        <div class=\"news-card\">\r\n        <a  href=\"https:\/\/idi.no\/fr\/news-and-events\/news\/la-direction-des-institutions-superieures-de-controle-reflechit-aux-progres-accomplis-dans-la-mise-en-place-de-pratiques-daudit-de-performance-durables-en-mettant-laccent-sur-la-qualite-et-limp-2\/\"\r\n            class=\"news-card__full-card-link\"\r\n            data-uw-ignore-s3\r\n        ><\/a>\r\n                    <img decoding=\"async\" src=\"https:\/\/idi.no\/wp-content\/uploads\/2026\/03\/Official.jpg\" alt=\"La direction des institutions sup\u00e9rieures de contr\u00f4le r\u00e9fl\u00e9chit aux progr\u00e8s accomplis dans la mise en place de pratiques d&rsquo;audit de performance durables, en mettant l&rsquo;accent sur la qualit\u00e9 et l&rsquo;impact de l&rsquo;audit\" class=\"news-card__image\">\r\n                            <div class=\"news-card__categories\"><a href=\"https:\/\/idi.no\/fr\/news\/\">News<\/a><\/div>\r\n                            <div class=\"news-card__date\">17\/03\/2026<\/div>\r\n                            <h6 class=\"news-card__title\">La direction des institutions sup\u00e9rieures de contr\u00f4le r\u00e9fl\u00e9chit aux progr\u00e8s accomplis dans la mise en place de pratiques d&rsquo;audit de performance durables, en mettant l&rsquo;accent sur la qualit\u00e9 et l&rsquo;impact de l&rsquo;audit<\/h6>\r\n                        <a href=\"https:\/\/idi.no\/fr\/news-and-events\/news\/la-direction-des-institutions-superieures-de-controle-reflechit-aux-progres-accomplis-dans-la-mise-en-place-de-pratiques-daudit-de-performance-durables-en-mettant-laccent-sur-la-qualite-et-limp-2\/\" class=\"news-card__link\">Read more<\/a>\r\n    <\/div>\r\n                <\/div>\n                            <div class=\"event-news-grid-block__footer block-footer\">\n                                        <a  href=\"\/news-events\/news\/\" \n                        class=\"button button--primary\"\n                                            >\n                        See more                    <\/a>\n                <\/div>\n                    <\/div>\n    <\/div>\n","protected":false},"excerpt":{"rendered":"","protected":false},"featured_media":34679,"template":"","content-type":[14],"topic":[23],"initiative":[237],"class_list":["post-34663","news","type-news","status-publish","has-post-thumbnail","hentry","content-type-news","topic-governance","initiative-sai-pmf"],"acf":[],"yoast_head":"<!-- This site is optimized with the Yoast SEO plugin v27.4 - https:\/\/yoast.com\/product\/yoast-seo-wordpress\/ -->\n<title>D&#039;Istanbul \u00e0 l&#039;impact : L&#039;IDI donne aux auditeurs europ\u00e9ens les moyens de conduire le changement gr\u00e2ce \u00e0 l&#039;atelier de formation avanc\u00e9e SAI PMF - IDI<\/title>\n<meta name=\"robots\" content=\"index, follow, max-snippet:-1, max-image-preview:large, max-video-preview:-1\" \/>\n<link rel=\"canonical\" href=\"https:\/\/idi.no\/fr\/news-and-events\/news\/distanbul-a-limpact-lidi-donne-aux-auditeurs-europeens-les-moyens-de-conduire-le-changement-grace-a-latelier-de-formation-avancee-sai-pmf\/\" \/>\n<meta property=\"og:locale\" content=\"fr_FR\" \/>\n<meta property=\"og:type\" content=\"article\" \/>\n<meta property=\"og:title\" content=\"D&#039;Istanbul \u00e0 l&#039;impact : L&#039;IDI donne aux auditeurs europ\u00e9ens les moyens de conduire le changement gr\u00e2ce \u00e0 l&#039;atelier de formation avanc\u00e9e SAI PMF - IDI\" \/>\n<meta property=\"og:url\" content=\"https:\/\/idi.no\/fr\/news-and-events\/news\/distanbul-a-limpact-lidi-donne-aux-auditeurs-europeens-les-moyens-de-conduire-le-changement-grace-a-latelier-de-formation-avancee-sai-pmf\/\" \/>\n<meta property=\"og:site_name\" content=\"IDI\" \/>\n<meta property=\"article:modified_time\" content=\"2026-01-21T10:45:34+00:00\" \/>\n<meta property=\"og:image\" content=\"https:\/\/idi.no\/wp-content\/uploads\/2025\/10\/SAI-PMF-Picture3.jpg\" \/>\n\t<meta property=\"og:image:width\" content=\"1200\" \/>\n\t<meta property=\"og:image:height\" content=\"720\" \/>\n\t<meta property=\"og:image:type\" content=\"image\/jpeg\" \/>\n<meta name=\"twitter:card\" content=\"summary_large_image\" \/>\n<script type=\"application\/ld+json\" class=\"yoast-schema-graph\">{\"@context\":\"https:\\\/\\\/schema.org\",\"@graph\":[{\"@type\":\"WebPage\",\"@id\":\"https:\\\/\\\/idi.no\\\/fr\\\/news-and-events\\\/news\\\/distanbul-a-limpact-lidi-donne-aux-auditeurs-europeens-les-moyens-de-conduire-le-changement-grace-a-latelier-de-formation-avancee-sai-pmf\\\/\",\"url\":\"https:\\\/\\\/idi.no\\\/fr\\\/news-and-events\\\/news\\\/distanbul-a-limpact-lidi-donne-aux-auditeurs-europeens-les-moyens-de-conduire-le-changement-grace-a-latelier-de-formation-avancee-sai-pmf\\\/\",\"name\":\"D'Istanbul \u00e0 l'impact : L'IDI donne aux auditeurs europ\u00e9ens les moyens de conduire le changement gr\u00e2ce \u00e0 l'atelier de formation avanc\u00e9e SAI PMF - IDI\",\"isPartOf\":{\"@id\":\"https:\\\/\\\/idi.no\\\/fr\\\/#website\"},\"primaryImageOfPage\":{\"@id\":\"https:\\\/\\\/idi.no\\\/fr\\\/news-and-events\\\/news\\\/distanbul-a-limpact-lidi-donne-aux-auditeurs-europeens-les-moyens-de-conduire-le-changement-grace-a-latelier-de-formation-avancee-sai-pmf\\\/#primaryimage\"},\"image\":{\"@id\":\"https:\\\/\\\/idi.no\\\/fr\\\/news-and-events\\\/news\\\/distanbul-a-limpact-lidi-donne-aux-auditeurs-europeens-les-moyens-de-conduire-le-changement-grace-a-latelier-de-formation-avancee-sai-pmf\\\/#primaryimage\"},\"thumbnailUrl\":\"https:\\\/\\\/idi.no\\\/wp-content\\\/uploads\\\/2025\\\/10\\\/SAI-PMF-Picture3.jpg\",\"datePublished\":\"2025-06-24T00:28:00+00:00\",\"dateModified\":\"2026-01-21T10:45:34+00:00\",\"breadcrumb\":{\"@id\":\"https:\\\/\\\/idi.no\\\/fr\\\/news-and-events\\\/news\\\/distanbul-a-limpact-lidi-donne-aux-auditeurs-europeens-les-moyens-de-conduire-le-changement-grace-a-latelier-de-formation-avancee-sai-pmf\\\/#breadcrumb\"},\"inLanguage\":\"fr-FR\",\"potentialAction\":[{\"@type\":\"ReadAction\",\"target\":[\"https:\\\/\\\/idi.no\\\/fr\\\/news-and-events\\\/news\\\/distanbul-a-limpact-lidi-donne-aux-auditeurs-europeens-les-moyens-de-conduire-le-changement-grace-a-latelier-de-formation-avancee-sai-pmf\\\/\"]}]},{\"@type\":\"ImageObject\",\"inLanguage\":\"fr-FR\",\"@id\":\"https:\\\/\\\/idi.no\\\/fr\\\/news-and-events\\\/news\\\/distanbul-a-limpact-lidi-donne-aux-auditeurs-europeens-les-moyens-de-conduire-le-changement-grace-a-latelier-de-formation-avancee-sai-pmf\\\/#primaryimage\",\"url\":\"https:\\\/\\\/idi.no\\\/wp-content\\\/uploads\\\/2025\\\/10\\\/SAI-PMF-Picture3.jpg\",\"contentUrl\":\"https:\\\/\\\/idi.no\\\/wp-content\\\/uploads\\\/2025\\\/10\\\/SAI-PMF-Picture3.jpg\",\"width\":1200,\"height\":720,\"caption\":\"SAI PMF\"},{\"@type\":\"BreadcrumbList\",\"@id\":\"https:\\\/\\\/idi.no\\\/fr\\\/news-and-events\\\/news\\\/distanbul-a-limpact-lidi-donne-aux-auditeurs-europeens-les-moyens-de-conduire-le-changement-grace-a-latelier-de-formation-avancee-sai-pmf\\\/#breadcrumb\",\"itemListElement\":[{\"@type\":\"ListItem\",\"position\":1,\"name\":\"Home\",\"item\":\"https:\\\/\\\/idi.no\\\/fr\\\/\"},{\"@type\":\"ListItem\",\"position\":2,\"name\":\"D&#8217;Istanbul \u00e0 l&#8217;impact : L&#8217;IDI donne aux auditeurs...\"}]},{\"@type\":\"WebSite\",\"@id\":\"https:\\\/\\\/idi.no\\\/fr\\\/#website\",\"url\":\"https:\\\/\\\/idi.no\\\/fr\\\/\",\"name\":\"IDI\",\"description\":\"\",\"potentialAction\":[{\"@type\":\"SearchAction\",\"target\":{\"@type\":\"EntryPoint\",\"urlTemplate\":\"https:\\\/\\\/idi.no\\\/fr\\\/?s={search_term_string}\"},\"query-input\":{\"@type\":\"PropertyValueSpecification\",\"valueRequired\":true,\"valueName\":\"search_term_string\"}}],\"inLanguage\":\"fr-FR\"}]}<\/script>\n<!-- \/ Yoast SEO plugin. -->","yoast_head_json":{"title":"D'Istanbul \u00e0 l'impact : L'IDI donne aux auditeurs europ\u00e9ens les moyens de conduire le changement gr\u00e2ce \u00e0 l'atelier de formation avanc\u00e9e SAI PMF - IDI","robots":{"index":"index","follow":"follow","max-snippet":"max-snippet:-1","max-image-preview":"max-image-preview:large","max-video-preview":"max-video-preview:-1"},"canonical":"https:\/\/idi.no\/fr\/news-and-events\/news\/distanbul-a-limpact-lidi-donne-aux-auditeurs-europeens-les-moyens-de-conduire-le-changement-grace-a-latelier-de-formation-avancee-sai-pmf\/","og_locale":"fr_FR","og_type":"article","og_title":"D'Istanbul \u00e0 l'impact : L'IDI donne aux auditeurs europ\u00e9ens les moyens de conduire le changement gr\u00e2ce \u00e0 l'atelier de formation avanc\u00e9e SAI PMF - IDI","og_url":"https:\/\/idi.no\/fr\/news-and-events\/news\/distanbul-a-limpact-lidi-donne-aux-auditeurs-europeens-les-moyens-de-conduire-le-changement-grace-a-latelier-de-formation-avancee-sai-pmf\/","og_site_name":"IDI","article_modified_time":"2026-01-21T10:45:34+00:00","og_image":[{"width":1200,"height":720,"url":"https:\/\/idi.no\/wp-content\/uploads\/2025\/10\/SAI-PMF-Picture3.jpg","type":"image\/jpeg"}],"twitter_card":"summary_large_image","schema":{"@context":"https:\/\/schema.org","@graph":[{"@type":"WebPage","@id":"https:\/\/idi.no\/fr\/news-and-events\/news\/distanbul-a-limpact-lidi-donne-aux-auditeurs-europeens-les-moyens-de-conduire-le-changement-grace-a-latelier-de-formation-avancee-sai-pmf\/","url":"https:\/\/idi.no\/fr\/news-and-events\/news\/distanbul-a-limpact-lidi-donne-aux-auditeurs-europeens-les-moyens-de-conduire-le-changement-grace-a-latelier-de-formation-avancee-sai-pmf\/","name":"D'Istanbul \u00e0 l'impact : L'IDI donne aux auditeurs europ\u00e9ens les moyens de conduire le changement gr\u00e2ce \u00e0 l'atelier de formation avanc\u00e9e SAI PMF - IDI","isPartOf":{"@id":"https:\/\/idi.no\/fr\/#website"},"primaryImageOfPage":{"@id":"https:\/\/idi.no\/fr\/news-and-events\/news\/distanbul-a-limpact-lidi-donne-aux-auditeurs-europeens-les-moyens-de-conduire-le-changement-grace-a-latelier-de-formation-avancee-sai-pmf\/#primaryimage"},"image":{"@id":"https:\/\/idi.no\/fr\/news-and-events\/news\/distanbul-a-limpact-lidi-donne-aux-auditeurs-europeens-les-moyens-de-conduire-le-changement-grace-a-latelier-de-formation-avancee-sai-pmf\/#primaryimage"},"thumbnailUrl":"https:\/\/idi.no\/wp-content\/uploads\/2025\/10\/SAI-PMF-Picture3.jpg","datePublished":"2025-06-24T00:28:00+00:00","dateModified":"2026-01-21T10:45:34+00:00","breadcrumb":{"@id":"https:\/\/idi.no\/fr\/news-and-events\/news\/distanbul-a-limpact-lidi-donne-aux-auditeurs-europeens-les-moyens-de-conduire-le-changement-grace-a-latelier-de-formation-avancee-sai-pmf\/#breadcrumb"},"inLanguage":"fr-FR","potentialAction":[{"@type":"ReadAction","target":["https:\/\/idi.no\/fr\/news-and-events\/news\/distanbul-a-limpact-lidi-donne-aux-auditeurs-europeens-les-moyens-de-conduire-le-changement-grace-a-latelier-de-formation-avancee-sai-pmf\/"]}]},{"@type":"ImageObject","inLanguage":"fr-FR","@id":"https:\/\/idi.no\/fr\/news-and-events\/news\/distanbul-a-limpact-lidi-donne-aux-auditeurs-europeens-les-moyens-de-conduire-le-changement-grace-a-latelier-de-formation-avancee-sai-pmf\/#primaryimage","url":"https:\/\/idi.no\/wp-content\/uploads\/2025\/10\/SAI-PMF-Picture3.jpg","contentUrl":"https:\/\/idi.no\/wp-content\/uploads\/2025\/10\/SAI-PMF-Picture3.jpg","width":1200,"height":720,"caption":"SAI PMF"},{"@type":"BreadcrumbList","@id":"https:\/\/idi.no\/fr\/news-and-events\/news\/distanbul-a-limpact-lidi-donne-aux-auditeurs-europeens-les-moyens-de-conduire-le-changement-grace-a-latelier-de-formation-avancee-sai-pmf\/#breadcrumb","itemListElement":[{"@type":"ListItem","position":1,"name":"Home","item":"https:\/\/idi.no\/fr\/"},{"@type":"ListItem","position":2,"name":"D&#8217;Istanbul \u00e0 l&#8217;impact : L&#8217;IDI donne aux auditeurs..."}]},{"@type":"WebSite","@id":"https:\/\/idi.no\/fr\/#website","url":"https:\/\/idi.no\/fr\/","name":"IDI","description":"","potentialAction":[{"@type":"SearchAction","target":{"@type":"EntryPoint","urlTemplate":"https:\/\/idi.no\/fr\/?s={search_term_string}"},"query-input":{"@type":"PropertyValueSpecification","valueRequired":true,"valueName":"search_term_string"}}],"inLanguage":"fr-FR"}]}},"_links":{"self":[{"href":"https:\/\/idi.no\/fr\/wp-json\/wp\/v2\/news\/34663","targetHints":{"allow":["GET"]}}],"collection":[{"href":"https:\/\/idi.no\/fr\/wp-json\/wp\/v2\/news"}],"about":[{"href":"https:\/\/idi.no\/fr\/wp-json\/wp\/v2\/types\/news"}],"version-history":[{"count":1,"href":"https:\/\/idi.no\/fr\/wp-json\/wp\/v2\/news\/34663\/revisions"}],"predecessor-version":[{"id":34684,"href":"https:\/\/idi.no\/fr\/wp-json\/wp\/v2\/news\/34663\/revisions\/34684"}],"wp:featuredmedia":[{"embeddable":true,"href":"https:\/\/idi.no\/fr\/wp-json\/wp\/v2\/media\/34679"}],"wp:attachment":[{"href":"https:\/\/idi.no\/fr\/wp-json\/wp\/v2\/media?parent=34663"}],"wp:term":[{"taxonomy":"content-type","embeddable":true,"href":"https:\/\/idi.no\/fr\/wp-json\/wp\/v2\/content-type?post=34663"},{"taxonomy":"topic","embeddable":true,"href":"https:\/\/idi.no\/fr\/wp-json\/wp\/v2\/topic?post=34663"},{"taxonomy":"initiative","embeddable":true,"href":"https:\/\/idi.no\/fr\/wp-json\/wp\/v2\/initiative?post=34663"}],"curies":[{"name":"wp","href":"https:\/\/api.w.org\/{rel}","templated":true}]}}